{"id":103815,"date":"2018-09-04T20:31:20","date_gmt":"2018-09-05T00:31:20","guid":{"rendered":"http:\/\/www.prwrestling.com\/nw\/?p=103815"},"modified":"2018-09-04T20:31:20","modified_gmt":"2018-09-05T00:31:20","slug":"wwe-anuncia-segunda-temporada-del-mixed-match-challenge","status":"publish","type":"post","link":"https:\/\/www.prwrestling.com\/nw\/wwe-anuncia-segunda-temporada-del-mixed-match-challenge\/","title":{"rendered":"WWE anuncia segunda temporada del Mixed Match Challenge"},"content":{"rendered":"<p><a href=\"http:\/\/www.prwrestling.com\/nw\/wp-content\/uploads\/2018\/09\/strowman-alexa.jpg\"><img data-dominant-color=\"3e303a\" data-has-transparency=\"false\" style=\"--dominant-color: #3e303a;\" loading=\"lazy\" decoding=\"async\" class=\"aligncenter  wp-image-103816 not-transparent\" src=\"http:\/\/www.prwrestling.com\/nw\/wp-content\/uploads\/2018\/09\/strowman-alexa.jpg\" alt=\"\" width=\"590\" height=\"332\" srcset=\"https:\/\/www.prwrestling.com\/nw\/wp-content\/uploads\/2018\/09\/strowman-alexa.jpg 800w, https:\/\/www.prwrestling.com\/nw\/wp-content\/uploads\/2018\/09\/strowman-alexa-150x84.jpg 150w, https:\/\/www.prwrestling.com\/nw\/wp-content\/uploads\/2018\/09\/strowman-alexa-450x253.jpg 450w, https:\/\/www.prwrestling.com\/nw\/wp-content\/uploads\/2018\/09\/strowman-alexa-768x432.jpg 768w, https:\/\/www.prwrestling.com\/nw\/wp-content\/uploads\/2018\/09\/strowman-alexa-300x169.jpg 300w\" sizes=\"auto, (max-width: 590px) 100vw, 590px\" \/><\/a><\/p>\n<p>WWE ha anunciado que el Mixed Match Challenge volver\u00e1 desde el martes 18 de septiembre en Facebook Watch.<!--more--><\/p>\n<p>La segunda temporada contar\u00e1 con 14 episodios y saldr\u00e1 al aire a las 10 pm EST cada semana. Cada episodio de 30 minutos contar\u00e1 con dos luchas.<\/p>\n<p><center><script type=\"text\/javascript\"><!-- google_ad_client = \"ca-pub-1244235910658811\"; \/* 300x250 derecha main page *\/ google_ad_slot = \"1988061967\"; google_ad_width = 300; google_ad_height = 250; \/\/--><\/script><script type=\"text\/javascript\" src=\"http:\/\/pagead2.googlesyndication.com\/pagead\/show_ads.js\">\n<\/script><\/center>A continuaci\u00f3n est\u00e1n los equipos para la segunda temporada:<\/p>\n<p><strong>Raw<\/strong><br \/>\nBraun Strowman y Alexa Bliss<br \/>\nBobby Lashley y Sasha Banks<br \/>\nFinn Balor y Bayley<br \/>\nJinder Mahal y Alicia Fox<br \/>\nKevin Owens y Natalya<\/p>\n<p><strong>Smackdown<\/strong><br \/>\nThe Miz y Asuka<br \/>\nJimmy Uso y Naomi<br \/>\nRusev y Lana<br \/>\nAJ Styles y Charlotte Flair<br \/>\nR-Truth y Carmella<\/p>\n<p>A continuaci\u00f3n est\u00e1 el anuncio completo de WWE sobre la segunda temporada de MMC:<\/p>\n<blockquote><p>Una nueva y emocionante temporada de WWE Mixed Match Challenge que se transmitir\u00e1 en vivo en los Estados Unidos y por primera vez en Alemania, M\u00e9xico, Australia, Francia, Indonesia, Filipinas, Espa\u00f1a, Tailandia y Vietnam, comenzando el martes 18 de septiembre a las 10 ET \/ 7 PT, con un especial Pre-Show a partir de las 9:50 ET ha sido anunciado.<\/p>\n<p>La serie de 14 episodios saldr\u00e1 al aire en Facebook Watch y contar\u00e1 con las superestrellas WWE de Raw y SmackDown LIVE compitiendo en un Torneo de Eliminaci\u00f3n de Equipo de Etiqueta Mixta estilo round robin en el que todos los equipos se enfrentar\u00e1n entre s\u00ed. Cada episodio de 30 minutos contar\u00e1 con dos partidos.<\/p>\n<p>Cada episodio de la temporada 2 reflejar\u00e1 un enfoque progresivo a la producci\u00f3n, con elementos optimizados para el consumo m\u00f3vil, la experimentaci\u00f3n y la interacci\u00f3n social, incluida la capacidad de los aficionados para interactuar con superestrellas durante el espect\u00e1culo. Los fan\u00e1ticos tendr\u00e1n la oportunidad de votar para impactar e influenciar el programa en los 14 episodios en Facebook durante toda la temporada.<\/p><\/blockquote>\n<p><center><script type=\"text\/javascript\"><!-- google_ad_client = \"ca-pub-1244235910658811\"; \/* 300x250 derecha main page *\/ google_ad_slot = \"1988061967\"; google_ad_width = 300; google_ad_height = 250; \/\/--><\/script><script src=\"http:\/\/pagead2.googlesyndication.com\/pagead\/show_ads.js\" type=\"text\/javascript\"><span data-mce-type=\"bookmark\" style=\"display: inline-block; width: 0px; overflow: hidden; line-height: 0;\" class=\"mce_SELRES_start\"><\/span><\/p>\n<p><\/script><\/center><\/p>\n","protected":false},"excerpt":{"rendered":"<p>WWE ha anunciado que el Mixed Match Challenge volver\u00e1 desde el martes 18 de septiembre en Facebook Watch.<\/p>\n","protected":false},"author":3,"featured_media":103816,"comment_status":"closed","ping_status":"closed","sticky":false,"template":"","format":"standard","meta":{"footnotes":""},"categories":[5],"tags":[],"class_list":{"0":"post-103815","1":"post","2":"type-post","3":"status-publish","4":"format-standard","5":"has-post-thumbnail","7":"category-noticias"},"_links":{"self":[{"href":"https:\/\/www.prwrestling.com\/nw\/wp-json\/wp\/v2\/posts\/103815","targetHints":{"allow":["GET"]}}],"collection":[{"href":"https:\/\/www.prwrestling.com\/nw\/wp-json\/wp\/v2\/posts"}],"about":[{"href":"https:\/\/www.prwrestling.com\/nw\/wp-json\/wp\/v2\/types\/post"}],"author":[{"embeddable":true,"href":"https:\/\/www.prwrestling.com\/nw\/wp-json\/wp\/v2\/users\/3"}],"replies":[{"embeddable":true,"href":"https:\/\/www.prwrestling.com\/nw\/wp-json\/wp\/v2\/comments?post=103815"}],"version-history":[{"count":1,"href":"https:\/\/www.prwrestling.com\/nw\/wp-json\/wp\/v2\/posts\/103815\/revisions"}],"predecessor-version":[{"id":103817,"href":"https:\/\/www.prwrestling.com\/nw\/wp-json\/wp\/v2\/posts\/103815\/revisions\/103817"}],"wp:featuredmedia":[{"embeddable":true,"href":"https:\/\/www.prwrestling.com\/nw\/wp-json\/wp\/v2\/media\/103816"}],"wp:attachment":[{"href":"https:\/\/www.prwrestling.com\/nw\/wp-json\/wp\/v2\/media?parent=103815"}],"wp:term":[{"taxonomy":"category","embeddable":true,"href":"https:\/\/www.prwrestling.com\/nw\/wp-json\/wp\/v2\/categories?post=103815"},{"taxonomy":"post_tag","embeddable":true,"href":"https:\/\/www.prwrestling.com\/nw\/wp-json\/wp\/v2\/tags?post=103815"}],"curies":[{"name":"wp","href":"https:\/\/api.w.org\/{rel}","templated":true}]}}