{"id":104696,"date":"2018-09-27T19:56:10","date_gmt":"2018-09-27T23:56:10","guid":{"rendered":"http:\/\/www.prwrestling.com\/nw\/?p=104696"},"modified":"2018-09-27T19:56:10","modified_gmt":"2018-09-27T23:56:10","slug":"incierto-el-futuro-de-neville-en-la-lucha-libre","status":"publish","type":"post","link":"https:\/\/www.prwrestling.com\/nw\/incierto-el-futuro-de-neville-en-la-lucha-libre\/","title":{"rendered":"Incierto el futuro de Neville en la lucha libre"},"content":{"rendered":"<p><a href=\"http:\/\/www.prwrestling.com\/nw\/wp-content\/uploads\/2014\/09\/adrian-neville.jpg\"><img loading=\"lazy\" decoding=\"async\" class=\"aligncenter size-full wp-image-1632\" src=\"http:\/\/www.prwrestling.com\/nw\/wp-content\/uploads\/2014\/09\/adrian-neville.jpg\" alt=\"\" width=\"398\" height=\"224\" srcset=\"https:\/\/www.prwrestling.com\/nw\/wp-content\/uploads\/2014\/09\/adrian-neville.jpg 398w, https:\/\/www.prwrestling.com\/nw\/wp-content\/uploads\/2014\/09\/adrian-neville-300x168.jpg 300w\" sizes=\"auto, (max-width: 398px) 100vw, 398px\" \/><\/a><\/p>\n<p>Dave Meltzer de F4WOnline.com se\u00f1al\u00f3 lo siguiente con respecto a la situaci\u00f3n actual de Neville y por qu\u00e9 no ha aparecido en otros shows desde que abandon\u00f3 la WWE a pesar de que, seg\u00fan los informes, es libre de hacerlo:<\/p>\n<p><center><script async src=\"\/\/pagead2.googlesyndication.com\/pagead\/js\/adsbygoogle.js\"><\/script><br \/>\n<!-- 300x250 derecha main page --><br \/>\n<ins class=\"adsbygoogle\" style=\"display: inline-block; width: 300px; height: 250px;\" data-ad-client=\"ca-pub-1244235910658811\" data-ad-slot=\"1988061967\"><\/ins><br \/>\n<script>\n(adsbygoogle = window.adsbygoogle || []).push({});\n<\/script><\/center>&#8220;Neville estaba en conversaciones con algunas promociones, pero les dijo que a\u00fan no estaba listo para comenzar, citando cuestiones legales. Luego se ha desconectado completamente de la internet y no ha respondido a los promotores lo mejor que podemos decir.<\/p>\n<p>\u201cWill Ospreay quer\u00eda hacer un combate individual con \u00e9l en Wrestle Kingdom, pero no tenemos idea de si est\u00e1 listo para eso o para cualquier cosa en la lucha en este momento &#8220;.<\/p>\n<p>&#8211; Durante una reciente entrevista con Sam Roberts, Wade Barrett coment\u00f3 sobre el final de su carrera en la WWE:<\/p>\n<p>&#8220;Fui miserable durante mucho tiempo durante los \u00faltimos a\u00f1os que estuve en la WWE&#8221;, dijo Barrett. &#8220;No tengo ternura ni odio por ellos, pero era solo como me sent\u00eda en ese momento&#8221;.<\/p>\n<p>&#8220;\u00c9rase una vez, si vuelves a principios de la d\u00e9cada de 2000 hasta 2014, todo lo que me importaba en la vida era ser un luchador, salir de gira, actuar frente a multitudes, subir la escalera. Pero luego, en alg\u00fan momento alrededor de 2015, tom\u00f3 un giro en U gigante y pens\u00e9: &#8216;\u00bfespera un minuto? \u00bfQu\u00e9 estoy haciendo aqu\u00ed? Esta no es la direcci\u00f3n que quiero &#8216;&#8221;.<\/p>\n<p><center><script async src=\"\/\/pagead2.googlesyndication.com\/pagead\/js\/adsbygoogle.js\"><\/script><br \/>\n<!-- 300x250 derecha main page --><br \/>\n<ins class=\"adsbygoogle\" style=\"display: inline-block; width: 300px; height: 250px;\" data-ad-client=\"ca-pub-1244235910658811\" data-ad-slot=\"1988061967\"><\/ins><br \/>\n<script>\n(adsbygoogle = window.adsbygoogle || []).push({});\n<\/script><\/center><\/p>\n","protected":false},"excerpt":{"rendered":"<p>Dave Meltzer de F4WOnline.com se\u00f1al\u00f3 lo siguiente con respecto a la situaci\u00f3n actual de Neville y por qu\u00e9 no ha aparecido en otros shows desde que abandon\u00f3 la WWE a pesar de que, seg\u00fan los informes, es libre de hacerlo: &#8220;Neville estaba en conversaciones con algunas promociones, pero les dijo que a\u00fan no estaba listo<\/p>\n","protected":false},"author":3,"featured_media":1632,"comment_status":"closed","ping_status":"closed","sticky":false,"template":"","format":"standard","meta":{"footnotes":""},"categories":[5],"tags":[],"class_list":{"0":"post-104696","1":"post","2":"type-post","3":"status-publish","4":"format-standard","5":"has-post-thumbnail","7":"category-noticias"},"_links":{"self":[{"href":"https:\/\/www.prwrestling.com\/nw\/wp-json\/wp\/v2\/posts\/104696","targetHints":{"allow":["GET"]}}],"collection":[{"href":"https:\/\/www.prwrestling.com\/nw\/wp-json\/wp\/v2\/posts"}],"about":[{"href":"https:\/\/www.prwrestling.com\/nw\/wp-json\/wp\/v2\/types\/post"}],"author":[{"embeddable":true,"href":"https:\/\/www.prwrestling.com\/nw\/wp-json\/wp\/v2\/users\/3"}],"replies":[{"embeddable":true,"href":"https:\/\/www.prwrestling.com\/nw\/wp-json\/wp\/v2\/comments?post=104696"}],"version-history":[{"count":1,"href":"https:\/\/www.prwrestling.com\/nw\/wp-json\/wp\/v2\/posts\/104696\/revisions"}],"predecessor-version":[{"id":104698,"href":"https:\/\/www.prwrestling.com\/nw\/wp-json\/wp\/v2\/posts\/104696\/revisions\/104698"}],"wp:featuredmedia":[{"embeddable":true,"href":"https:\/\/www.prwrestling.com\/nw\/wp-json\/wp\/v2\/media\/1632"}],"wp:attachment":[{"href":"https:\/\/www.prwrestling.com\/nw\/wp-json\/wp\/v2\/media?parent=104696"}],"wp:term":[{"taxonomy":"category","embeddable":true,"href":"https:\/\/www.prwrestling.com\/nw\/wp-json\/wp\/v2\/categories?post=104696"},{"taxonomy":"post_tag","embeddable":true,"href":"https:\/\/www.prwrestling.com\/nw\/wp-json\/wp\/v2\/tags?post=104696"}],"curies":[{"name":"wp","href":"https:\/\/api.w.org\/{rel}","templated":true}]}}