{"id":106859,"date":"2018-10-25T22:00:55","date_gmt":"2018-10-26T02:00:55","guid":{"rendered":"http:\/\/www.prwrestling.com\/nw\/?p=106859"},"modified":"2018-10-26T16:01:25","modified_gmt":"2018-10-26T20:01:25","slug":"reunion-de-los-wyatts-pronto","status":"publish","type":"post","link":"https:\/\/www.prwrestling.com\/nw\/reunion-de-los-wyatts-pronto\/","title":{"rendered":"\u00bfReuni\u00f3n de los Wyatts pronto?"},"content":{"rendered":"<p>Recientemente se lanz\u00f3 entre el equipo creativo de la WWE la idea para reunir a Bray Wyatt y Harper, seg\u00fan el Wrestling Observer.<!--more--><\/p>\n<p>A\u00fan no se sabe si realmente se est\u00e1 considerando la reuni\u00f3n de la familia Wyatt, pero Wyatt y Harper han estado sin \u00e1ngulos desde que sus respectivos compa\u00f1eros se quedaron sin acci\u00f3n por lesiones.<\/p>\n<p><center><script type=\"text\/javascript\"><!-- google_ad_client = \"ca-pub-1244235910658811\"; \/* 300x250 derecha main page *\/ google_ad_slot = \"1988061967\"; google_ad_width = 300; google_ad_height = 250; \/\/--><\/script><script type=\"text\/javascript\" src=\"http:\/\/pagead2.googlesyndication.com\/pagead\/show_ads.js\">\n<\/script><\/center>Wyatt se hab\u00eda asociado con Matt Hardy y los dos tuvieron una carrera como campeones en parejas de RAW. Harper y Rowan tuvieron una corrida con los t\u00edtulos de SmackDown como The Bludgeon Brothers.<\/p>\n<p>Wyatt ha estado fuera de la TV de WWE desde la edici\u00f3n de RAW antes de SummerSlam. Trabaj\u00f3 algunos eventos en vivo despu\u00e9s de eso, pero desde entonces no ha tenido un programa.<\/p>\n<p>Se hab\u00eda hablado de que Wyatt regresar\u00eda a RAW con cambios en su personaje. Harper ha estado fuera de la televisi\u00f3n desde la edici\u00f3n post-SummerSlam de SmackDown cuando \u00e9l y Rowan perdieron los t\u00edtulos. Trabaj\u00f3 en algunos eventos en vivo en agosto y septiembre, pero a\u00fan no se sabe cu\u00e1ndo volver\u00e1.<\/p>\n<p>Wyatt hab\u00eda estado tranquilo en las redes sociales desde su \u00faltima aparici\u00f3n en televisi\u00f3n, pero apareci\u00f3 de nuevo a principios de este mes con los siguientes tweets cr\u00edpticos:<\/p>\n<blockquote class=\"twitter-tweet tw-align-center\" data-lang=\"en\">\n<p dir=\"ltr\" lang=\"en\">Day 23,<br \/>\nSubject is showing signs of progress, at times. Violent outbursts are commonplace, spewing threats at our staff in multiple languages, and reciting passages from Bible and<\/p>\n<p>\u2014 Bray Wyatt (@WWEBrayWyatt) <a href=\"https:\/\/twitter.com\/WWEBrayWyatt\/status\/1051603056440283137?ref_src=twsrc%5Etfw\" target=\"_blank\" rel=\"noopener\">October 14, 2018<\/a><\/p><\/blockquote>\n<p><script async src=\"https:\/\/platform.twitter.com\/widgets.js\" charset=\"utf-8\"><\/script><\/p>\n<blockquote class=\"twitter-tweet tw-align-center\" data-lang=\"en\">\n<p dir=\"ltr\" lang=\"en\">Day 3,<br \/>\nSubject believes God as well as several other entities speak to him directly. They give him a scapegoat for 7<\/p>\n<p>\u2014 Bray Wyatt (@WWEBrayWyatt) <a href=\"https:\/\/twitter.com\/WWEBrayWyatt\/status\/1051605273725595648?ref_src=twsrc%5Etfw\" target=\"_blank\" rel=\"noopener\">October 14, 2018<\/a><\/p><\/blockquote>\n<p><script async src=\"https:\/\/platform.twitter.com\/widgets.js\" charset=\"utf-8\"><\/script><\/p>\n<p><center><script type=\"text\/javascript\"><!-- google_ad_client = \"ca-pub-1244235910658811\"; \/* 300x250 derecha main page *\/ google_ad_slot = \"1988061967\"; google_ad_width = 300; google_ad_height = 250; \/\/--><\/script><script type=\"text\/javascript\" src=\"http:\/\/pagead2.googlesyndication.com\/pagead\/show_ads.js\">\n<\/script><\/center><\/p>\n<blockquote class=\"twitter-tweet tw-align-center\" data-lang=\"en\">\n<p dir=\"ltr\" lang=\"en\">pulled a nail from his cell he was attempting to &#8221; repent through torture&#8221;. Masochistic tendencies<\/p>\n<p>\u2014 Bray Wyatt (@WWEBrayWyatt) <a href=\"https:\/\/twitter.com\/WWEBrayWyatt\/status\/1051606074539814912?ref_src=twsrc%5Etfw\" target=\"_blank\" rel=\"noopener\">October 14, 2018<\/a><\/p><\/blockquote>\n<p><script async src=\"https:\/\/platform.twitter.com\/widgets.js\" charset=\"utf-8\"><\/script><\/p>\n<blockquote class=\"twitter-tweet tw-align-center\" data-lang=\"en\">\n<p dir=\"ltr\" lang=\"en\">pray that after so many treatments he will be free of this affliction once and for all.<br \/>\nSincerely,<br \/>\nDr. M<\/p>\n<p>\u2014 Bray Wyatt (@WWEBrayWyatt) <a href=\"https:\/\/twitter.com\/WWEBrayWyatt\/status\/1051606614912962561?ref_src=twsrc%5Etfw\" target=\"_blank\" rel=\"noopener\">October 14, 2018<\/a><\/p><\/blockquote>\n<p><script async src=\"https:\/\/platform.twitter.com\/widgets.js\" charset=\"utf-8\"><\/script><\/p>\n","protected":false},"excerpt":{"rendered":"<p>Recientemente se lanz\u00f3 entre el equipo creativo de la WWE la idea para reunir a Bray Wyatt y Harper, seg\u00fan el Wrestling Observer.<\/p>\n","protected":false},"author":3,"featured_media":6353,"comment_status":"open","ping_status":"closed","sticky":false,"template":"","format":"standard","meta":{"footnotes":""},"categories":[5],"tags":[],"class_list":{"0":"post-106859","1":"post","2":"type-post","3":"status-publish","4":"format-standard","5":"has-post-thumbnail","7":"category-noticias"},"_links":{"self":[{"href":"https:\/\/www.prwrestling.com\/nw\/wp-json\/wp\/v2\/posts\/106859","targetHints":{"allow":["GET"]}}],"collection":[{"href":"https:\/\/www.prwrestling.com\/nw\/wp-json\/wp\/v2\/posts"}],"about":[{"href":"https:\/\/www.prwrestling.com\/nw\/wp-json\/wp\/v2\/types\/post"}],"author":[{"embeddable":true,"href":"https:\/\/www.prwrestling.com\/nw\/wp-json\/wp\/v2\/users\/3"}],"replies":[{"embeddable":true,"href":"https:\/\/www.prwrestling.com\/nw\/wp-json\/wp\/v2\/comments?post=106859"}],"version-history":[{"count":2,"href":"https:\/\/www.prwrestling.com\/nw\/wp-json\/wp\/v2\/posts\/106859\/revisions"}],"predecessor-version":[{"id":106879,"href":"https:\/\/www.prwrestling.com\/nw\/wp-json\/wp\/v2\/posts\/106859\/revisions\/106879"}],"wp:featuredmedia":[{"embeddable":true,"href":"https:\/\/www.prwrestling.com\/nw\/wp-json\/wp\/v2\/media\/6353"}],"wp:attachment":[{"href":"https:\/\/www.prwrestling.com\/nw\/wp-json\/wp\/v2\/media?parent=106859"}],"wp:term":[{"taxonomy":"category","embeddable":true,"href":"https:\/\/www.prwrestling.com\/nw\/wp-json\/wp\/v2\/categories?post=106859"},{"taxonomy":"post_tag","embeddable":true,"href":"https:\/\/www.prwrestling.com\/nw\/wp-json\/wp\/v2\/tags?post=106859"}],"curies":[{"name":"wp","href":"https:\/\/api.w.org\/{rel}","templated":true}]}}