{"id":10735,"date":"2016-11-14T18:07:12","date_gmt":"2016-11-14T23:07:12","guid":{"rendered":"http:\/\/prwrestling.com\/nw\/?p=10735"},"modified":"2016-11-14T18:07:12","modified_gmt":"2016-11-14T23:07:12","slug":"notas-de-la-wwe-102","status":"publish","type":"post","link":"https:\/\/www.prwrestling.com\/nw\/notas-de-la-wwe-102\/","title":{"rendered":"NOTAS DE LA WWE"},"content":{"rendered":"<p style=\"text-align: center;\"><a href=\"http:\/\/prwrestling.com\/nw\/wp-content\/uploads\/2014\/10\/the-rock.jpg\" target=\"_blank\" rel=\"noopener\"><img loading=\"lazy\" decoding=\"async\" class=\" wp-image-1771 aligncenter\" alt=\"the rock\" src=\"http:\/\/prwrestling.com\/nw\/wp-content\/uploads\/2014\/10\/the-rock.jpg\" width=\"614\" height=\"346\" srcset=\"https:\/\/www.prwrestling.com\/nw\/wp-content\/uploads\/2014\/10\/the-rock.jpg 1024w, https:\/\/www.prwrestling.com\/nw\/wp-content\/uploads\/2014\/10\/the-rock-300x168.jpg 300w\" sizes=\"auto, (max-width: 614px) 100vw, 614px\" \/><\/a><\/p>\n<p style=\"text-align: center;\"><em>Rock comenta sobre si estar\u00e1 en WrestleMania; Spirit Squad se une a demanda; M\u00e1s.<!--more--><\/em><\/p>\n<p>&#8211; Durante el fin de semana, el reportero de entretenimiento de WSVN-TV Chris Van Vliet entrevist\u00f3 a The Rock en Los \u00c1ngeles para la nueva pel\u00edcula animada de Disney &#8220;Moana&#8221;.<\/p>\n<p>La entrevista termin\u00f3 con Van Vliet pregunt\u00e1ndole a The Rock, &#8220;\u00bfNos vemos en abril? Orlando? &#8220;, A lo que The Rock respondi\u00f3,&#8221;\u00bfQu\u00e9 hay en Orlando? &#8221;<\/p>\n<p>Van Vliet respondi\u00f3 &#8220;una peque\u00f1a cosa llamada WrestleMania&#8221;, y Rock dijo &#8220;Seguro, ya te ver\u00e9 all\u00ed&#8221;.<\/p>\n<p style=\"text-align: center;\">Contin\u00faa abajo<br \/>\n<script type=\"text\/javascript\" src=\"\/\/pagead2.googlesyndication.com\/pagead\/js\/adsbygoogle.js\" async=\"\"><\/script><!-- 300x250 en medio de portajes (manual placement) --> <ins class=\"adsbygoogle\" style=\"display: inline-block; width: 300px; height: 250px;\" data-ad-client=\"ca-pub-1244235910658811\" data-ad-slot=\"8592682546\"><\/ins><script type=\"text\/javascript\">\/\/ <![CDATA[\n(adsbygoogle = window.adsbygoogle || []).push({});\n\/\/ ]]><\/script><\/p>\n<p>&#8211; El ex integrante del Spirit Squad Johnny Jeter se uni\u00f3 a la demanda de luchadores reclamando a la WWE da\u00f1os por negligencia relacionada a traumas en la cabeza. \u00a0Diva Ashley tambi\u00e9n se hab\u00eda unido recientemente al grupo cual incluye a la familia de Jon Rechner (Balls Mahoney) y\u00a0<a href=\"http:\/\/www.wrestlinginc.com\/wi\/profiles\/713\/perry-saturn\/\" target=\"_blank\" rel=\"noopener\">Perry Saturn<\/a>, entre otros.<\/p>\n<p>&#8211; WWE transmitir\u00e1 esta noche luego de Raw a trav\u00e9s del Network el \u201cState of the\u00a0WWE Universe\u201d cual ser\u00e1 un debate entre Stephanie McMahon y Mick Foley, contra Shane McMahon y Daniel Bryan.<\/p>\n<p style=\"text-align: center;\"><strong>Opina abajo!<\/strong><br \/>\n<script type=\"text\/javascript\" src=\"\/\/pagead2.googlesyndication.com\/pagead\/js\/adsbygoogle.js\" async=\"\"><\/script><!-- 300x250, abajo de reportaje --> <ins class=\"adsbygoogle\" style=\"display: inline-block; width: 300px; height: 250px;\" data-ad-client=\"ca-pub-1244235910658811\" data-ad-slot=\"2438031264\"><\/ins><script type=\"text\/javascript\">\/\/ <![CDATA[\n(adsbygoogle = window.adsbygoogle || []).push({});\n\/\/ ]]><\/script><\/p>\n","protected":false},"excerpt":{"rendered":"<p>Rock comenta sobre si estar\u00e1 en WrestleMania; Spirit Squad se une a demanda; M\u00e1s.<\/p>\n","protected":false},"author":3,"featured_media":1771,"comment_status":"closed","ping_status":"closed","sticky":false,"template":"","format":"standard","meta":{"footnotes":""},"categories":[5],"tags":[],"class_list":{"0":"post-10735","1":"post","2":"type-post","3":"status-publish","4":"format-standard","5":"has-post-thumbnail","7":"category-noticias"},"_links":{"self":[{"href":"https:\/\/www.prwrestling.com\/nw\/wp-json\/wp\/v2\/posts\/10735","targetHints":{"allow":["GET"]}}],"collection":[{"href":"https:\/\/www.prwrestling.com\/nw\/wp-json\/wp\/v2\/posts"}],"about":[{"href":"https:\/\/www.prwrestling.com\/nw\/wp-json\/wp\/v2\/types\/post"}],"author":[{"embeddable":true,"href":"https:\/\/www.prwrestling.com\/nw\/wp-json\/wp\/v2\/users\/3"}],"replies":[{"embeddable":true,"href":"https:\/\/www.prwrestling.com\/nw\/wp-json\/wp\/v2\/comments?post=10735"}],"version-history":[{"count":2,"href":"https:\/\/www.prwrestling.com\/nw\/wp-json\/wp\/v2\/posts\/10735\/revisions"}],"predecessor-version":[{"id":10737,"href":"https:\/\/www.prwrestling.com\/nw\/wp-json\/wp\/v2\/posts\/10735\/revisions\/10737"}],"wp:featuredmedia":[{"embeddable":true,"href":"https:\/\/www.prwrestling.com\/nw\/wp-json\/wp\/v2\/media\/1771"}],"wp:attachment":[{"href":"https:\/\/www.prwrestling.com\/nw\/wp-json\/wp\/v2\/media?parent=10735"}],"wp:term":[{"taxonomy":"category","embeddable":true,"href":"https:\/\/www.prwrestling.com\/nw\/wp-json\/wp\/v2\/categories?post=10735"},{"taxonomy":"post_tag","embeddable":true,"href":"https:\/\/www.prwrestling.com\/nw\/wp-json\/wp\/v2\/tags?post=10735"}],"curies":[{"name":"wp","href":"https:\/\/api.w.org\/{rel}","templated":true}]}}