{"id":108176,"date":"2018-11-11T09:30:14","date_gmt":"2018-11-11T14:30:14","guid":{"rendered":"http:\/\/www.prwrestling.com\/nw\/?p=108176"},"modified":"2018-11-11T09:30:14","modified_gmt":"2018-11-11T14:30:14","slug":"mas-sobre-el-estado-de-salud-de-alexa-bliss","status":"publish","type":"post","link":"https:\/\/www.prwrestling.com\/nw\/mas-sobre-el-estado-de-salud-de-alexa-bliss\/","title":{"rendered":"M\u00e1s sobre el estado de salud de Alexa Bliss"},"content":{"rendered":"<p>La semana pasada, Alexa Bliss fue revelada como la capitana del Equipo Raw en Survivor Series, aunque no en capacidad de luchadora.<!--more--><center><script type=\"text\/javascript\"><!-- google_ad_client = \"ca-pub-1244235910658811\"; \/* 300x250 derecha main page *\/ google_ad_slot = \"1988061967\"; google_ad_width = 300; google_ad_height = 250; \/\/--><\/script><script type=\"text\/javascript\" src=\"http:\/\/pagead2.googlesyndication.com\/pagead\/show_ads.js\">\n<\/script><\/center>Bliss no ha competido en un ring de la WWE durante las \u00faltimas semanas debido a una conmoci\u00f3n cerebral e incluso fue removida del evento Evolution de la WWE, y no hay una l\u00ednea de tiempo espec\u00edfica para su regreso.<\/p>\n<p>Durante la edici\u00f3n m\u00e1s reciente de Wrestling Observer Radio, Dave Meltzer proporcion\u00f3 m\u00e1s detalles sobre la lesi\u00f3n de Alexa. Meltzer revel\u00f3 que Bliss actualmente sufre de m\u00faltiples conmociones cerebrales, por lo que WWE a\u00fan no la ha autorizado para competir en el ring. <\/p>\n<p>Dave not\u00f3 que WWE es muy cautelosa con Bliss, y a\u00fan est\u00e1 por verse cuando ella tenga permiso para regresar a la competencia dentro del ring.<\/p>\n<p>Bliss originalmente estaba programado para enfrentar a Trish Stratus en WWE Evolution, pero fue retirada del evento luego de sufrir una conmoci\u00f3n cerebral unos d\u00edas antes del show.<\/p>\n<p>La ex campeona sin embargo ha estado presente en los shows de la WWE y este fin de semana hasta cant\u00f3 junto a Elias en un show no televisado en Roma:<\/p>\n<blockquote class=\"twitter-tweet tw-align-center\" data-lang=\"en\">\n<p lang=\"en\" dir=\"ltr\"><a href=\"https:\/\/twitter.com\/AlexaBliss_WWE?ref_src=twsrc%5Etfw\" target=\"_blank\" rel=\"noopener\">@AlexaBliss_WWE<\/a> could easily win American Idol ! What a voice &#x1f602; <a href=\"https:\/\/t.co\/BvyDvjGV3k\">pic.twitter.com\/BvyDvjGV3k<\/a><\/p>\n<p>&mdash; Truly Blissed (@BlissfitFR_) <a href=\"https:\/\/twitter.com\/BlissfitFR_\/status\/1061594885680181249?ref_src=twsrc%5Etfw\" target=\"_blank\" rel=\"noopener\">November 11, 2018<\/a><\/p><\/blockquote>\n<p><script async src=\"https:\/\/platform.twitter.com\/widgets.js\" charset=\"utf-8\"><\/script><center><script type=\"text\/javascript\"><!-- google_ad_client = \"ca-pub-1244235910658811\"; \/* 300x250 derecha main page *\/ google_ad_slot = \"1988061967\"; google_ad_width = 300; google_ad_height = 250; \/\/--><\/script><script type=\"text\/javascript\" src=\"http:\/\/pagead2.googlesyndication.com\/pagead\/show_ads.js\">\n<\/script><\/center><\/p>\n","protected":false},"excerpt":{"rendered":"<p>La semana pasada, Alexa Bliss fue revelada como la capitana del Equipo Raw en Survivor Series, aunque no en capacidad de luchadora.<\/p>\n","protected":false},"author":3,"featured_media":108177,"comment_status":"open","ping_status":"closed","sticky":false,"template":"","format":"standard","meta":{"footnotes":""},"categories":[5],"tags":[],"class_list":{"0":"post-108176","1":"post","2":"type-post","3":"status-publish","4":"format-standard","5":"has-post-thumbnail","7":"category-noticias"},"_links":{"self":[{"href":"https:\/\/www.prwrestling.com\/nw\/wp-json\/wp\/v2\/posts\/108176","targetHints":{"allow":["GET"]}}],"collection":[{"href":"https:\/\/www.prwrestling.com\/nw\/wp-json\/wp\/v2\/posts"}],"about":[{"href":"https:\/\/www.prwrestling.com\/nw\/wp-json\/wp\/v2\/types\/post"}],"author":[{"embeddable":true,"href":"https:\/\/www.prwrestling.com\/nw\/wp-json\/wp\/v2\/users\/3"}],"replies":[{"embeddable":true,"href":"https:\/\/www.prwrestling.com\/nw\/wp-json\/wp\/v2\/comments?post=108176"}],"version-history":[{"count":1,"href":"https:\/\/www.prwrestling.com\/nw\/wp-json\/wp\/v2\/posts\/108176\/revisions"}],"predecessor-version":[{"id":108178,"href":"https:\/\/www.prwrestling.com\/nw\/wp-json\/wp\/v2\/posts\/108176\/revisions\/108178"}],"wp:featuredmedia":[{"embeddable":true,"href":"https:\/\/www.prwrestling.com\/nw\/wp-json\/wp\/v2\/media\/108177"}],"wp:attachment":[{"href":"https:\/\/www.prwrestling.com\/nw\/wp-json\/wp\/v2\/media?parent=108176"}],"wp:term":[{"taxonomy":"category","embeddable":true,"href":"https:\/\/www.prwrestling.com\/nw\/wp-json\/wp\/v2\/categories?post=108176"},{"taxonomy":"post_tag","embeddable":true,"href":"https:\/\/www.prwrestling.com\/nw\/wp-json\/wp\/v2\/tags?post=108176"}],"curies":[{"name":"wp","href":"https:\/\/api.w.org\/{rel}","templated":true}]}}