{"id":108994,"date":"2018-11-24T13:46:35","date_gmt":"2018-11-24T18:46:35","guid":{"rendered":"http:\/\/www.prwrestling.com\/nw\/?p=108994"},"modified":"2018-11-24T13:52:11","modified_gmt":"2018-11-24T18:52:11","slug":"roman-reigns-hace-aparicion-en-juego-de-football-video","status":"publish","type":"post","link":"https:\/\/www.prwrestling.com\/nw\/roman-reigns-hace-aparicion-en-juego-de-football-video\/","title":{"rendered":"Roman Reigns hace aparici\u00f3n en juego de Football (Video)"},"content":{"rendered":"<p>El mes pasado, Roman Reigns anunci\u00f3 en Raw que ha estado viviendo con leucemia durante los \u00faltimos 11 a\u00f1os y que hab\u00eda regresado.<!--more--><\/p>\n<p> Reigns luego renunci\u00f3 al Campeonato Universal de la WWE porque dijo que no podr\u00eda cumplir con sus deberes como campe\u00f3n.<center><script type=\"text\/javascript\"><!-- google_ad_client = \"ca-pub-1244235910658811\"; \/* 300x250 derecha main page *\/ google_ad_slot = \"1988061967\"; google_ad_width = 300; google_ad_height = 250; \/\/--><\/script><script type=\"text\/javascript\" src=\"http:\/\/pagead2.googlesyndication.com\/pagead\/show_ads.js\">\n<\/script><\/center>A principios de este mes, se supo que Reigns acababa de comenzar su tratamiento y a\u00fan falta mucho tiempo para su regreso a la WWE.<\/p>\n<p>M\u00e1s temprano hoy, Reigns (quien jug\u00f3 anteriormente para Georgia Tech) estuvo presente en el juego de Football de los Georgia Tech Yellow Jackets contra Georgia Bulldog College. Reigns ofreci\u00f3 un breve comentario antes de que empezara el juego.<\/p>\n<p>&#8220;Soy el verdadero perro grande aqu\u00ed&#8221;, dijo Reigns. &#8220;Al infierno con Georgia, beby.&#8221;<\/p>\n<p>Pueden ver el video a continuaci\u00f3n:<\/p>\n<blockquote class=\"twitter-tweet tw-align-center\" data-lang=\"en\">\n<p lang=\"en\" dir=\"ltr\">.<a href=\"https:\/\/twitter.com\/WWERomanReigns?ref_src=twsrc%5Etfw\" target=\"_blank\" rel=\"noopener\">@WWERomanReigns<\/a> knows the GOOD WORD!!! <a href=\"https:\/\/twitter.com\/hashtag\/THWG?src=hash&#038;ref_src=twsrc%5Etfw\" target=\"_blank\" rel=\"noopener\">#THWG<\/a> <a href=\"https:\/\/t.co\/bKxJF1mRtp\">pic.twitter.com\/bKxJF1mRtp<\/a><\/p>\n<p>\u2014 Georgia Tech Football (@GeorgiaTechFB) <a href=\"https:\/\/twitter.com\/GeorgiaTechFB\/status\/1066364776056594433?ref_src=twsrc%5Etfw\" target=\"_blank\" rel=\"noopener\">November 24, 2018<\/a><\/p><\/blockquote>\n<p>No se hab\u00eda visto alg\u00fan comentario del luchador desde que le dio las gracias a la fanaticada por su apoyo via Twitter el pasado 23 de octubre:<\/p>\n<blockquote class=\"twitter-tweet tw-align-center\" data-lang=\"en\">\n<p lang=\"en\" dir=\"ltr\">Thank you to everyone who\u2019s reached out&#8230;I can\u2019t put into words what it means to me. <\/p>\n<p>Your energy and positivity motivate me to get better quickly to get back in the ring, but for now I\u2019m going to spend time with my family and focus on health. <\/p>\n<p>Thank you &#8211; Joe\/Roman<\/p>\n<p>&mdash; Roman Reigns (@WWERomanReigns) <a href=\"https:\/\/twitter.com\/WWERomanReigns\/status\/1054792254462799878?ref_src=twsrc%5Etfw\" target=\"_blank\" rel=\"noopener\">October 23, 2018<\/a><\/p><\/blockquote>\n<p><script async src=\"https:\/\/platform.twitter.com\/widgets.js\" charset=\"utf-8\"><\/script>Como se\u00f1al\u00f3 Dave Meltzer en Wrestling Observer Radio, a pesar de la indignaci\u00f3n de los fan\u00e1ticos, la batalla de la leucemia de Reigns se abrir\u00e1 camino en la enemistad entre el Campe\u00f3n Intercontinental de la WWE Seth Rollins y Dean Ambrose, aunque no hubo informaci\u00f3n sobre la frecuencia con la que se presentar\u00e1. En Raw de la semana pasada, Ambrose hizo una referencia a \u00e9l en una promo.<center><script type=\"text\/javascript\"><!-- google_ad_client = \"ca-pub-1244235910658811\"; \/* 300x250 derecha main page *\/ google_ad_slot = \"1988061967\"; google_ad_width = 300; google_ad_height = 250; \/\/--><\/script><script type=\"text\/javascript\" src=\"http:\/\/pagead2.googlesyndication.com\/pagead\/show_ads.js\">\n<\/script><\/center>&#8220;Todos obtendremos lo que merecemos&#8221;, dijo Ambrose. &#8220;Quiero decir, miren a Roman. Por el papel de Roman y lo que Roman hizo en The Shield, \u00e9l tiene que responderle al hombre que est\u00e1 arriba. Pero lo que es peor, es que tiene que responderme&#8221;.<\/p>\n","protected":false},"excerpt":{"rendered":"<p>El mes pasado, Roman Reigns anunci\u00f3 en Raw que ha estado viviendo con leucemia durante los \u00faltimos 11 a\u00f1os y que hab\u00eda regresado.<\/p>\n","protected":false},"author":3,"featured_media":108995,"comment_status":"open","ping_status":"closed","sticky":false,"template":"","format":"standard","meta":{"footnotes":""},"categories":[5],"tags":[],"class_list":{"0":"post-108994","1":"post","2":"type-post","3":"status-publish","4":"format-standard","5":"has-post-thumbnail","7":"category-noticias"},"_links":{"self":[{"href":"https:\/\/www.prwrestling.com\/nw\/wp-json\/wp\/v2\/posts\/108994","targetHints":{"allow":["GET"]}}],"collection":[{"href":"https:\/\/www.prwrestling.com\/nw\/wp-json\/wp\/v2\/posts"}],"about":[{"href":"https:\/\/www.prwrestling.com\/nw\/wp-json\/wp\/v2\/types\/post"}],"author":[{"embeddable":true,"href":"https:\/\/www.prwrestling.com\/nw\/wp-json\/wp\/v2\/users\/3"}],"replies":[{"embeddable":true,"href":"https:\/\/www.prwrestling.com\/nw\/wp-json\/wp\/v2\/comments?post=108994"}],"version-history":[{"count":3,"href":"https:\/\/www.prwrestling.com\/nw\/wp-json\/wp\/v2\/posts\/108994\/revisions"}],"predecessor-version":[{"id":108998,"href":"https:\/\/www.prwrestling.com\/nw\/wp-json\/wp\/v2\/posts\/108994\/revisions\/108998"}],"wp:featuredmedia":[{"embeddable":true,"href":"https:\/\/www.prwrestling.com\/nw\/wp-json\/wp\/v2\/media\/108995"}],"wp:attachment":[{"href":"https:\/\/www.prwrestling.com\/nw\/wp-json\/wp\/v2\/media?parent=108994"}],"wp:term":[{"taxonomy":"category","embeddable":true,"href":"https:\/\/www.prwrestling.com\/nw\/wp-json\/wp\/v2\/categories?post=108994"},{"taxonomy":"post_tag","embeddable":true,"href":"https:\/\/www.prwrestling.com\/nw\/wp-json\/wp\/v2\/tags?post=108994"}],"curies":[{"name":"wp","href":"https:\/\/api.w.org\/{rel}","templated":true}]}}