{"id":109137,"date":"2018-11-26T13:47:57","date_gmt":"2018-11-26T18:47:57","guid":{"rendered":"http:\/\/www.prwrestling.com\/nw\/?p=109137"},"modified":"2019-11-12T21:33:14","modified_gmt":"2019-11-13T02:33:14","slug":"rey-mysterio-dice-si-su-hijo-usara-mascara-cuando-debute-como-luchador","status":"publish","type":"post","link":"https:\/\/www.prwrestling.com\/nw\/rey-mysterio-dice-si-su-hijo-usara-mascara-cuando-debute-como-luchador\/","title":{"rendered":"Rey Mysterio dice si su hijo usar\u00e1 m\u00e1scara cuando debute como luchador"},"content":{"rendered":"<p>El mundo de la lucha libre fue presentado por primera vez al hijo de Rey Mysterio, Dominic, en 2005.<!--more--><br \/>\n El ni\u00f1o de ocho a\u00f1os era parte de una historia\u00a0en la que Eddie Guerrero afirmaba ser el padre biol\u00f3gico de Dominic, solo para que Mysterio derrotara a Guerrero y mantuviera la custodia de Dominic.<center><script type=\"text\/javascript\"><!-- google_ad_client = \"ca-pub-1244235910658811\"; \/* 300x250 derecha main page *\/ google_ad_slot = \"1988061967\"; google_ad_width = 300; google_ad_height = 250; \/\/--><\/script><script type=\"text\/javascript\" src=\"http:\/\/pagead2.googlesyndication.com\/pagead\/show_ads.js\">\n<\/script><\/center>Dominic es ahora un hombre adulto y sigue los pasos de su padre para convertirse en un luchador profesional. Mysterio se uni\u00f3 Podcast de Lillian Garcia donde habl\u00f3 sobre el entrenamiento de su hijo y sus planes para el futuro.<\/p>\n<p>&#8220;Su entrenamiento ha ido incre\u00edble&#8221;, declar\u00f3 Mysterio. &#8220;Comenz\u00f3 su entrenamiento el a\u00f1o pasado en Florida y\u00a0 entren\u00f3 un poco con Jay Lethal, y este a\u00f1o dio un paso m\u00e1s grande, se fue a Canad\u00e1 y est\u00e1 terminando una sesi\u00f3n de tres meses en Calgary, Alberta, Canad\u00e1, con Lance Storm.<br \/>\n<center><iframe loading=\"lazy\" width=\"560\" height=\"315\" src=\"https:\/\/www.youtube.com\/embed\/8RaXDUpEb8o\" frameborder=\"0\" allow=\"accelerometer; autoplay; encrypted-media; gyroscope; picture-in-picture\" allowfullscreen><\/iframe><\/center><br \/>\n&#8220;Termina el 30 de noviembre, luego regresa a casa y\u00a0 pasamos a la fase tres, que est\u00e1 en el aire pero comenzar\u00e1 a principios del pr\u00f3ximo a\u00f1o en enero de 2019. Habl\u00e9 con Booker T ya para instalarlo en Houston, Texas con Reality of Wrestling, o en la Ciudad de M\u00e9xico para adquirir experiencia con el estilo de Lucha Libre &#8220;.<\/p>\n<p>Mysterio tambi\u00e9n aprendi\u00f3 el estilo de Lucha Libre durante su entrenamiento cuando su t\u00edo Rey Misterio Sr. le ense\u00f1\u00f3 en M\u00e9xico.<center><script type=\"text\/javascript\"><!-- google_ad_client = \"ca-pub-1244235910658811\"; \/* 300x250 derecha main page *\/ google_ad_slot = \"1988061967\"; google_ad_width = 300; google_ad_height = 250; \/\/--><\/script><script type=\"text\/javascript\" src=\"http:\/\/pagead2.googlesyndication.com\/pagead\/show_ads.js\">\n<\/script><\/center>Mientras que Dominic tomar\u00e1 el nombre despu\u00e9s de su padre, es probable que no siga los pasos de Mysterio usando una m\u00e1scara.<\/p>\n<p>&#8220;No, no creo que quiera [usar una m\u00e1scara]. Tiene algo especial que ver con la m\u00e1scara para representar y para honrar a su padre&#8221;, dijo Mysterio. &#8220;Pero creo que, como lo conocen de ni\u00f1o y publicamos fotos, es dif\u00edcil&#8221;.<\/p>\n<p>&#8220;Para m\u00ed, mi sue\u00f1o como luchador y como padre es poder luchar con mi hijo para que pueda decir que lo he hecho todo.&#8221;<\/p>\n<p>Debido a que Dominic a\u00fan est\u00e1 tan temprano en el entrenamiento, su padre no ha podido verlo luchar en el ring en persona, solo a trav\u00e9s de las redes sociales. Pero Mysterio se siente orgulloso de que Dominic est\u00e9 siguiendo su camino, especialmente porque Mysterio nunca esper\u00f3 que su hijo tomara esta ruta.<\/p>\n<p>&#8220;Anoche compart\u00ed un video con su padrino, Konnan. Le mostr\u00e9 un video de Dominic tomando caidas en el ring, y\u00a0 le digo a Konnan que revise esto y\u00a0 me cont\u00f3 lo bien que est\u00e1 y lo bien que lo est\u00e1 haciendo.<\/p>\n<p>&#8220;Nunca lo hubiera imaginado ver haciendo las cosas que he estado haciendo casi 30 a\u00f1os de mi vida. Le gustaba como un ni\u00f1o, pero realmente no estaba tan metido como yo. Creci\u00f3 en la lucha libre profesional. Eso era todo lo que quer\u00eda hacer, as\u00ed que es muy diferente. Nunca pens\u00e9 que iba a entrar en este negocio &#8220;.<br \/>\n<center><script type=\"text\/javascript\"><!-- google_ad_client = \"ca-pub-1244235910658811\"; \/* 300x250 derecha main page *\/ google_ad_slot = \"1988061967\"; google_ad_width = 300; google_ad_height = 250; \/\/--><\/script><script type=\"text\/javascript\" src=\"http:\/\/pagead2.googlesyndication.com\/pagead\/show_ads.js\">\n<\/script><\/center><\/p>\n","protected":false},"excerpt":{"rendered":"<p>El mundo de la lucha libre fue presentado por primera vez al hijo de Rey Mysterio, Dominic, en 2005.<\/p>\n","protected":false},"author":1,"featured_media":109140,"comment_status":"closed","ping_status":"closed","sticky":false,"template":"","format":"standard","meta":{"footnotes":""},"categories":[5],"tags":[1581],"class_list":{"0":"post-109137","1":"post","2":"type-post","3":"status-publish","4":"format-standard","5":"has-post-thumbnail","7":"category-noticias","8":"tag-rey-mysterio"},"_links":{"self":[{"href":"https:\/\/www.prwrestling.com\/nw\/wp-json\/wp\/v2\/posts\/109137","targetHints":{"allow":["GET"]}}],"collection":[{"href":"https:\/\/www.prwrestling.com\/nw\/wp-json\/wp\/v2\/posts"}],"about":[{"href":"https:\/\/www.prwrestling.com\/nw\/wp-json\/wp\/v2\/types\/post"}],"author":[{"embeddable":true,"href":"https:\/\/www.prwrestling.com\/nw\/wp-json\/wp\/v2\/users\/1"}],"replies":[{"embeddable":true,"href":"https:\/\/www.prwrestling.com\/nw\/wp-json\/wp\/v2\/comments?post=109137"}],"version-history":[{"count":4,"href":"https:\/\/www.prwrestling.com\/nw\/wp-json\/wp\/v2\/posts\/109137\/revisions"}],"predecessor-version":[{"id":109143,"href":"https:\/\/www.prwrestling.com\/nw\/wp-json\/wp\/v2\/posts\/109137\/revisions\/109143"}],"wp:featuredmedia":[{"embeddable":true,"href":"https:\/\/www.prwrestling.com\/nw\/wp-json\/wp\/v2\/media\/109140"}],"wp:attachment":[{"href":"https:\/\/www.prwrestling.com\/nw\/wp-json\/wp\/v2\/media?parent=109137"}],"wp:term":[{"taxonomy":"category","embeddable":true,"href":"https:\/\/www.prwrestling.com\/nw\/wp-json\/wp\/v2\/categories?post=109137"},{"taxonomy":"post_tag","embeddable":true,"href":"https:\/\/www.prwrestling.com\/nw\/wp-json\/wp\/v2\/tags?post=109137"}],"curies":[{"name":"wp","href":"https:\/\/api.w.org\/{rel}","templated":true}]}}