{"id":10962,"date":"2016-12-03T10:01:39","date_gmt":"2016-12-03T15:01:39","guid":{"rendered":"http:\/\/prwrestling.com\/nw\/?p=10962"},"modified":"2016-12-03T10:03:15","modified_gmt":"2016-12-03T15:03:15","slug":"carlito-a-ser-parte-de-serie-en-netflix","status":"publish","type":"post","link":"https:\/\/www.prwrestling.com\/nw\/carlito-a-ser-parte-de-serie-en-netflix\/","title":{"rendered":"CARLITO A SER PARTE DE SERIE EN NETFLIX"},"content":{"rendered":"<p style=\"text-align: center;\"><a href=\"http:\/\/prwrestling.com\/nw\/wp-content\/uploads\/2016\/09\/Carlito-WWE.jpg\" target=\"_blank\" rel=\"noopener\"><img loading=\"lazy\" decoding=\"async\" class=\" wp-image-10118 aligncenter\" alt=\"carlito-wwe\" src=\"http:\/\/prwrestling.com\/nw\/wp-content\/uploads\/2016\/09\/Carlito-WWE.jpg\" width=\"528\" height=\"320\" srcset=\"https:\/\/www.prwrestling.com\/nw\/wp-content\/uploads\/2016\/09\/Carlito-WWE.jpg 660w, https:\/\/www.prwrestling.com\/nw\/wp-content\/uploads\/2016\/09\/Carlito-WWE-300x181.jpg 300w\" sizes=\"auto, (max-width: 528px) 100vw, 528px\" \/><\/a><\/p>\n<p>Raul Alzaga de Primera Hora reporta que Carlito estar\u00e1 viajando a Los \u00c1ngeles para filmar tres cap\u00edtulos de la miniserie de comedia enfocada en la empresa de lucha fenemina, \u2018GLOW\u2019, cual ser\u00e1 transmitida a trav\u00e9s de Netflix.<!--more--><\/p>\n<p>\u201cYo no voy a aparecer luchando en la serie, ni soy el novio de una de las luchadores (se r\u00ede). Mi aparici\u00f3n dentro de la serie ser\u00e1 como entrenador de las chicas que est\u00e1n prepar\u00e1ndose para luchar. Voy a salir como en tres de los 10 episodios de la primera temporada\u201d, dijo Carlito.<\/p>\n<p><a href=\"http:\/\/www.primerahora.com\/deportes\/otros\/nota\/carlitocaribbeancoolsaldraenseriedenetflix-1191974\/\" target=\"_blank\" rel=\"noopener\">Puedes leer el art\u00edculo completo aqu\u00ed.<\/a><\/p>\n<p style=\"text-align: center;\"><strong>Opina abajo!<\/strong><br \/>\n<script type=\"text\/javascript\" src=\"\/\/pagead2.googlesyndication.com\/pagead\/js\/adsbygoogle.js\" async=\"\"><\/script><!-- 300x250, abajo de reportaje --> <ins class=\"adsbygoogle\" style=\"display: inline-block; width: 300px; height: 250px;\" data-ad-client=\"ca-pub-1244235910658811\" data-ad-slot=\"2438031264\"><\/ins><script type=\"text\/javascript\">\/\/ <![CDATA[\n(adsbygoogle = window.adsbygoogle || []).push({});\n\/\/ ]]><\/script><\/p>\n","protected":false},"excerpt":{"rendered":"<p>Raul Alzaga de Primera Hora reporta que Carlito estar\u00e1 viajando a Los \u00c1ngeles para filmar tres cap\u00edtulos de la miniserie de comedia enfocada en la empresa de lucha fenemina, \u2018GLOW\u2019, cual ser\u00e1 transmitida a trav\u00e9s de Netflix.<\/p>\n","protected":false},"author":3,"featured_media":10118,"comment_status":"closed","ping_status":"closed","sticky":false,"template":"","format":"standard","meta":{"footnotes":""},"categories":[5],"tags":[],"class_list":{"0":"post-10962","1":"post","2":"type-post","3":"status-publish","4":"format-standard","5":"has-post-thumbnail","7":"category-noticias"},"_links":{"self":[{"href":"https:\/\/www.prwrestling.com\/nw\/wp-json\/wp\/v2\/posts\/10962","targetHints":{"allow":["GET"]}}],"collection":[{"href":"https:\/\/www.prwrestling.com\/nw\/wp-json\/wp\/v2\/posts"}],"about":[{"href":"https:\/\/www.prwrestling.com\/nw\/wp-json\/wp\/v2\/types\/post"}],"author":[{"embeddable":true,"href":"https:\/\/www.prwrestling.com\/nw\/wp-json\/wp\/v2\/users\/3"}],"replies":[{"embeddable":true,"href":"https:\/\/www.prwrestling.com\/nw\/wp-json\/wp\/v2\/comments?post=10962"}],"version-history":[{"count":2,"href":"https:\/\/www.prwrestling.com\/nw\/wp-json\/wp\/v2\/posts\/10962\/revisions"}],"predecessor-version":[{"id":10965,"href":"https:\/\/www.prwrestling.com\/nw\/wp-json\/wp\/v2\/posts\/10962\/revisions\/10965"}],"wp:featuredmedia":[{"embeddable":true,"href":"https:\/\/www.prwrestling.com\/nw\/wp-json\/wp\/v2\/media\/10118"}],"wp:attachment":[{"href":"https:\/\/www.prwrestling.com\/nw\/wp-json\/wp\/v2\/media?parent=10962"}],"wp:term":[{"taxonomy":"category","embeddable":true,"href":"https:\/\/www.prwrestling.com\/nw\/wp-json\/wp\/v2\/categories?post=10962"},{"taxonomy":"post_tag","embeddable":true,"href":"https:\/\/www.prwrestling.com\/nw\/wp-json\/wp\/v2\/tags?post=10962"}],"curies":[{"name":"wp","href":"https:\/\/api.w.org\/{rel}","templated":true}]}}