{"id":110157,"date":"2018-12-23T12:58:19","date_gmt":"2018-12-23T17:58:19","guid":{"rendered":"http:\/\/www.prwrestling.com\/nw\/?p=110157"},"modified":"2018-12-24T08:39:38","modified_gmt":"2018-12-24T13:39:38","slug":"colt-cabana-escapo-del-invader-en-puerto-rico","status":"publish","type":"post","link":"https:\/\/www.prwrestling.com\/nw\/colt-cabana-escapo-del-invader-en-puerto-rico\/","title":{"rendered":"Colt Cabana &#8220;escap\u00f3&#8221; del Invader en Puerto Rico"},"content":{"rendered":"<p>Colt Cabana en la m\u00e1s reciente edici\u00f3n de su podcast \u201cThe Art of Wrestling\u201d habl\u00f3 sobre su reciente visita a Puerto Rico en donde vio acci\u00f3n para la empresa CWA.<!--more--><\/p>\n<p><center><script type=\"text\/javascript\"><!-- google_ad_client = \"ca-pub-1244235910658811\"; \/* 300x250 derecha main page *\/ google_ad_slot = \"1988061967\"; google_ad_width = 300; google_ad_height = 250; \/\/--><\/script><script type=\"text\/javascript\" src=\"http:\/\/pagead2.googlesyndication.com\/pagead\/show_ads.js\">\n<\/script><\/center>Dentro del podcast el luchador hizo un ameno relato de algo que le pas\u00f3 en el \u00e1rea del \u201cMeet and Greet\u201d en el Centro de Convenciones.<\/p>\n<p>\u201cCuando fuimos al \u00e1rea del Meet and Greet, Marty (Scurll) y yo nos ubicamos en la primera mesa y muchos luchadores nos miraban pero nadie nos dec\u00eda nada. La mirada era como \u201cEstan locos de situarse en esa mesa?\u201d<\/p>\n<p>\u201cYo y Marty colocamos nuestra mercanc\u00eda y esta se\u00f1ora llega a nosotros y nos dice \u201calguien ya est\u00e1 ah\u00ed\u201d.<\/p>\n<p>\u201cLas personas pueden que piensen que soy arrogante o m\u00e1s cool pero me dije \u201cnadie me va a mover de aqu\u00ed\u201d. Ella dec\u00eda que la persona que ten\u00eda esa mesa estaba en el ba\u00f1o y se tienen que mover.&#8221;<\/p>\n<p>&#8220;Luego Super Crazy llega y me dice \u201cLo siento Colt. Alguien tiene la mesa\u201d y le pregunto, \u201c\u00bfQuien\u201d, me dice \u201cEsta es la mesa del Invader\u201d.<\/p>\n<p>\u201cLuego yo a milisegundos de cuando dijo \u201cla mesa del Invader\u201d \u00a1empec\u00e9 a empacar todo lo que ten\u00eda en mi bolsa lo m\u00e1s r\u00e1pido que pudiera!\u201d<\/p>\n<p>\u201cEn tono dram\u00e1tico comenc\u00e9 a decir en espa\u00f1ol \u201cAy Dios mio, Ay Dios mio!\u201d, yendome lo mas rapido posible. Y no se si Marty se dio cuenta de lo que estaba pasando pero otros se empezaron a re\u00edr.\u201d<\/p>\n<p><center><script type=\"text\/javascript\"><!-- google_ad_client = \"ca-pub-1244235910658811\"; \/* 300x250 derecha main page *\/ google_ad_slot = \"1988061967\"; google_ad_width = 300; google_ad_height = 250; \/\/--><\/script><script type=\"text\/javascript\" src=\"http:\/\/pagead2.googlesyndication.com\/pagead\/show_ads.js\">\n<\/script><\/center>\u201cLuego le expliqu\u00e9 a Marty que El Invader es el hombre que alegadamente asesin\u00f3 a Bruiser Brody. El hombre sigue en shows y yo estaba en su lugar. Para mi suerte me fui y me mov\u00ed lo m\u00e1s lejos posible que pude de esa mesa.\u201d<\/p>\n<h3><strong>Colt se qued\u00f3 vacacionando en la Isla<\/strong><\/h3>\n<p>Colt dijo que luego del show, \u00e9l junto a Matt Cross y Matt Sydal (Evan Bourne) decidieron quedarse unos d\u00edas adicionales en la Isla para aventurar las bellezas del lugar.<\/p>\n<blockquote class=\"twitter-tweet tw-align-center\" data-lang=\"en\">\n<p dir=\"ltr\" lang=\"en\">I was trying to VLOG &amp; <a href=\"https:\/\/twitter.com\/MDoggMattCross?ref_src=twsrc%5Etfw\" target=\"_blank\" rel=\"noopener\">@MDoggMattCross<\/a> leapfrog\u2019d me. <a href=\"https:\/\/t.co\/aUsOSUI9fx\">pic.twitter.com\/aUsOSUI9fx<\/a><\/p>\n<p>\u2014 Colt Cabana (@ColtCabana) <a href=\"https:\/\/twitter.com\/ColtCabana\/status\/1075251991415275520?ref_src=twsrc%5Etfw\" target=\"_blank\" rel=\"noopener\">December 19, 2018<\/a><\/p><\/blockquote>\n<p><script async src=\"https:\/\/platform.twitter.com\/widgets.js\" charset=\"utf-8\"><\/script><\/p>\n<p><center><script type=\"text\/javascript\"><!-- google_ad_client = \"ca-pub-1244235910658811\"; \/* 300x250 derecha main page *\/ google_ad_slot = \"1988061967\"; google_ad_width = 300; google_ad_height = 250; \/\/--><\/script><script type=\"text\/javascript\" src=\"http:\/\/pagead2.googlesyndication.com\/pagead\/show_ads.js\">\n<\/script><\/center><\/p>\n","protected":false},"excerpt":{"rendered":"<p>Colt Cabana en la m\u00e1s reciente edici\u00f3n de su podcast \u201cThe Art of Wrestling\u201d habl\u00f3 sobre su reciente visita a Puerto Rico en donde vio acci\u00f3n para la empresa CWA.<\/p>\n","protected":false},"author":3,"featured_media":110158,"comment_status":"closed","ping_status":"closed","sticky":false,"template":"","format":"standard","meta":{"footnotes":""},"categories":[5],"tags":[],"class_list":{"0":"post-110157","1":"post","2":"type-post","3":"status-publish","4":"format-standard","5":"has-post-thumbnail","7":"category-noticias"},"_links":{"self":[{"href":"https:\/\/www.prwrestling.com\/nw\/wp-json\/wp\/v2\/posts\/110157","targetHints":{"allow":["GET"]}}],"collection":[{"href":"https:\/\/www.prwrestling.com\/nw\/wp-json\/wp\/v2\/posts"}],"about":[{"href":"https:\/\/www.prwrestling.com\/nw\/wp-json\/wp\/v2\/types\/post"}],"author":[{"embeddable":true,"href":"https:\/\/www.prwrestling.com\/nw\/wp-json\/wp\/v2\/users\/3"}],"replies":[{"embeddable":true,"href":"https:\/\/www.prwrestling.com\/nw\/wp-json\/wp\/v2\/comments?post=110157"}],"version-history":[{"count":9,"href":"https:\/\/www.prwrestling.com\/nw\/wp-json\/wp\/v2\/posts\/110157\/revisions"}],"predecessor-version":[{"id":110176,"href":"https:\/\/www.prwrestling.com\/nw\/wp-json\/wp\/v2\/posts\/110157\/revisions\/110176"}],"wp:featuredmedia":[{"embeddable":true,"href":"https:\/\/www.prwrestling.com\/nw\/wp-json\/wp\/v2\/media\/110158"}],"wp:attachment":[{"href":"https:\/\/www.prwrestling.com\/nw\/wp-json\/wp\/v2\/media?parent=110157"}],"wp:term":[{"taxonomy":"category","embeddable":true,"href":"https:\/\/www.prwrestling.com\/nw\/wp-json\/wp\/v2\/categories?post=110157"},{"taxonomy":"post_tag","embeddable":true,"href":"https:\/\/www.prwrestling.com\/nw\/wp-json\/wp\/v2\/tags?post=110157"}],"curies":[{"name":"wp","href":"https:\/\/api.w.org\/{rel}","templated":true}]}}