{"id":110444,"date":"2019-01-07T20:51:29","date_gmt":"2019-01-08T01:51:29","guid":{"rendered":"http:\/\/www.prwrestling.com\/nw\/?p=110444"},"modified":"2019-01-07T20:55:15","modified_gmt":"2019-01-08T01:55:15","slug":"dos-talentos-de-nxt-debutan-bajo-la-marca-raw","status":"publish","type":"post","link":"https:\/\/www.prwrestling.com\/nw\/dos-talentos-de-nxt-debutan-bajo-la-marca-raw\/","title":{"rendered":"Dos talentos de NXT debutan bajo la marca Raw"},"content":{"rendered":"<p>WWE grab\u00f3 el programa Main Event antes de comenzar la transmisi\u00f3n de RAW y varias estrellas de NXT debutaron bajo la marca roja. <!--more--><\/p>\n<p><center><script type=\"text\/javascript\"><!-- google_ad_client = \"ca-pub-1244235910658811\"; \/* 300x250 derecha main page *\/ google_ad_slot = \"1988061967\"; google_ad_width = 300; google_ad_height = 250; \/\/--><\/script><script type=\"text\/javascript\" src=\"http:\/\/pagead2.googlesyndication.com\/pagead\/show_ads.js\">\n<\/script><\/center>Ahora en RAW est\u00e1n EC3 y Lacey Evans, quienes lucharon dentro del programa.<\/p>\n<blockquote class=\"twitter-tweet tw-align-center\" data-lang=\"en\">\n<p dir=\"ltr\" lang=\"en\">Scoop #2: Curt Hawkins vs EC3 on Main Event <a href=\"https:\/\/t.co\/gFJVWy9FAM\">pic.twitter.com\/gFJVWy9FAM<\/a><\/p>\n<p>\u2014 Jacob Cohen (@MrJacobCohen) <a href=\"https:\/\/twitter.com\/MrJacobCohen\/status\/1082438892773613568?ref_src=twsrc%5Etfw\" target=\"_blank\" rel=\"noopener\">January 8, 2019<\/a><\/p><\/blockquote>\n<p><script async src=\"https:\/\/platform.twitter.com\/widgets.js\" charset=\"utf-8\"><\/script><br \/>\nSus debuts fueron bastante diferentes. EC3 derrot\u00f3 a Curt Hawkins. Mientras tanto, Lacey Evans perdi\u00f3 su combate cuando se enfrent\u00f3 a Natalya.<\/p>\n<p>Main Event se transmite durante la semana en el WWE Network.<\/p>\n<p><center><script type=\"text\/javascript\"><!-- google_ad_client = \"ca-pub-1244235910658811\"; \/* 300x250 derecha main page *\/ google_ad_slot = \"1988061967\"; google_ad_width = 300; google_ad_height = 250; \/\/--><\/script><script type=\"text\/javascript\" src=\"http:\/\/pagead2.googlesyndication.com\/pagead\/show_ads.js\">\n<\/script><\/center><\/p>\n<h3>\n<strong>Cena opina sobre 205 Live<\/strong><\/h3>\n<p>John Cena apareci\u00f3 en la serie de documentales semanales de 205 Live, llamada # 205 Life, donde expres\u00f3 sus opiniones sobre el espect\u00e1culo y las superestrellas del peso crucero involucradas.<\/p>\n<p>Cena dijo que los luchadores de esta divisi\u00f3n han roto todos los estereotipos acerca de c\u00f3mo los talentos de la WWE deben verse y actuar.<\/p>\n<p>&#8220;Creo que es incre\u00edble&#8221;, dijo Cena. &#8220;Esto es lo que m\u00e1s me gusta de 205 Live. Durante mucho tiempo, siempre se pens\u00f3 que ten\u00edas que ser una cierta compilaci\u00f3n o un cierto tipo de personalidad para tener alg\u00fan tipo de impacto.\u201d<\/p>\n<p>\u201cLo que me gusta de 205 Live es, todo. A ustedes se les dio la oportunidad de romper ese estereotipo, y est\u00e1 funcionando. Tom\u00f3 un tiempo para que [el Universo WWE] prestara atenci\u00f3n, as\u00ed que quiero decirles verg\u00fcenza sin no los est\u00e1n viendo, \u00a1porque estos chicos se rompen el trasero cada semana!&#8221;<\/p>\n<p><center><script type=\"text\/javascript\"><!-- google_ad_client = \"ca-pub-1244235910658811\"; \/* 300x250 derecha main page *\/ google_ad_slot = \"1988061967\"; google_ad_width = 300; google_ad_height = 250; \/\/--><\/script><script type=\"text\/javascript\" src=\"http:\/\/pagead2.googlesyndication.com\/pagead\/show_ads.js\">\n<\/script><\/center><\/p>\n","protected":false},"excerpt":{"rendered":"<p>WWE grab\u00f3 el programa Main Event antes de comenzar la transmisi\u00f3n de RAW y varias estrellas de NXT debutaron bajo la marca roja.<\/p>\n","protected":false},"author":3,"featured_media":110446,"comment_status":"closed","ping_status":"closed","sticky":false,"template":"","format":"standard","meta":{"footnotes":""},"categories":[5],"tags":[],"class_list":{"0":"post-110444","1":"post","2":"type-post","3":"status-publish","4":"format-standard","5":"has-post-thumbnail","7":"category-noticias"},"_links":{"self":[{"href":"https:\/\/www.prwrestling.com\/nw\/wp-json\/wp\/v2\/posts\/110444","targetHints":{"allow":["GET"]}}],"collection":[{"href":"https:\/\/www.prwrestling.com\/nw\/wp-json\/wp\/v2\/posts"}],"about":[{"href":"https:\/\/www.prwrestling.com\/nw\/wp-json\/wp\/v2\/types\/post"}],"author":[{"embeddable":true,"href":"https:\/\/www.prwrestling.com\/nw\/wp-json\/wp\/v2\/users\/3"}],"replies":[{"embeddable":true,"href":"https:\/\/www.prwrestling.com\/nw\/wp-json\/wp\/v2\/comments?post=110444"}],"version-history":[{"count":3,"href":"https:\/\/www.prwrestling.com\/nw\/wp-json\/wp\/v2\/posts\/110444\/revisions"}],"predecessor-version":[{"id":110449,"href":"https:\/\/www.prwrestling.com\/nw\/wp-json\/wp\/v2\/posts\/110444\/revisions\/110449"}],"wp:featuredmedia":[{"embeddable":true,"href":"https:\/\/www.prwrestling.com\/nw\/wp-json\/wp\/v2\/media\/110446"}],"wp:attachment":[{"href":"https:\/\/www.prwrestling.com\/nw\/wp-json\/wp\/v2\/media?parent=110444"}],"wp:term":[{"taxonomy":"category","embeddable":true,"href":"https:\/\/www.prwrestling.com\/nw\/wp-json\/wp\/v2\/categories?post=110444"},{"taxonomy":"post_tag","embeddable":true,"href":"https:\/\/www.prwrestling.com\/nw\/wp-json\/wp\/v2\/tags?post=110444"}],"curies":[{"name":"wp","href":"https:\/\/api.w.org\/{rel}","templated":true}]}}