{"id":110714,"date":"2019-01-20T09:24:59","date_gmt":"2019-01-20T14:24:59","guid":{"rendered":"http:\/\/www.prwrestling.com\/nw\/?p=110714"},"modified":"2019-01-20T09:30:34","modified_gmt":"2019-01-20T14:30:34","slug":"integrante-de-aop-lesionado-fuera-por-meses","status":"publish","type":"post","link":"https:\/\/www.prwrestling.com\/nw\/integrante-de-aop-lesionado-fuera-por-meses\/","title":{"rendered":"Integrante de AOP lesionado; fuera por meses"},"content":{"rendered":"<p>Aunque no hay muchos detalles en este momento, Akam de AOP sufri\u00f3 alg\u00fan tipo de lesi\u00f3n en la pierna que lo sacar\u00e1 de la acci\u00f3n durante meses.<!--more--><\/p>\n<p><center><script type=\"text\/javascript\"><!-- google_ad_client = \"ca-pub-1244235910658811\"; \/* 300x250 derecha main page *\/ google_ad_slot = \"1988061967\"; google_ad_width = 300; google_ad_height = 250; \/\/--><\/script><script type=\"text\/javascript\" src=\"http:\/\/pagead2.googlesyndication.com\/pagead\/show_ads.js\">\n<\/script><\/center>Dave Meltzer comparti\u00f3 todo lo que sab\u00eda sobre el tema en Wrestling Observer Radio.<\/p>\n<p>&#8220;Akam de los Authors of Pain est\u00e1 herido. No conozco la naturaleza de la lesi\u00f3n, pero es una lesi\u00f3n en la pierna y estar\u00e1 fuera por un par de meses, seg\u00fan tengo entendido. Escuch\u00e9 eso esta noche, por eso no lo hemos visto&#8221;.<\/p>\n<p>La lesi\u00f3n de Akam no s\u00f3lo detendr\u00e1 el impulso de AOP, sino tambi\u00e9n todo lo que sucedi\u00f3 con el desarrollo de Drake Maverick en RAW (esta \u00faltima no ser\u00eda tan malo para Maverick).<\/p>\n<p>WWE podr\u00eda buscar una manera de c\u00f3mo usar Rezar sin su compa\u00f1ero, pero al momento no se ha visto al luchador en acci\u00f3n en alg\u00fan show no televisado de la empresa.<\/p>\n<p><center><script type=\"text\/javascript\"><!-- google_ad_client = \"ca-pub-1244235910658811\"; \/* 300x250 derecha main page *\/ google_ad_slot = \"1988061967\"; google_ad_width = 300; google_ad_height = 250; \/\/--><\/script><script type=\"text\/javascript\" src=\"http:\/\/pagead2.googlesyndication.com\/pagead\/show_ads.js\">\n<\/script><\/center><\/p>\n<h3>\n<strong>Video: Truth asusta a Renee en su hogar<\/strong><\/h3>\n<p>Ayer fue el cumplea\u00f1os de R-Truth, y tambi\u00e9n fue el d\u00eda en que Renee Young subi\u00f3 un video de \u00e9l cuando le dio un gran susto.<\/p>\n<p>Como puedes ver, Renee Young se sorprendi\u00f3 mucho al ver a R-Truth saltar y asustarla. Ella tambi\u00e9n casi us\u00f3 una blasfemia bastante pesada en el proceso.<\/p>\n<p><center><\/center><\/p>\n<blockquote class=\"instagram-media\" style=\"background: #FFF; border: 0; border-radius: 3px; box-shadow: 0 0 1px 0 rgba(0,0,0,0.5),0 1px 10px 0 rgba(0,0,0,0.15); margin: 1px; max-width: 540px; min-width: 326px; padding: 0; width: calc(100% - 2px);\" data-instgrm-captioned=\"\" data-instgrm-permalink=\"https:\/\/www.instagram.com\/p\/Bs1Q7FVBs0_\/?utm_source=ig_embed&amp;utm_medium=loading\" data-instgrm-version=\"12\">\n<div style=\"padding: 16px;\">\n<p>&nbsp;<\/p>\n<div style=\"display: flex; flex-direction: row; align-items: center;\">\n<div style=\"background-color: #f4f4f4; border-radius: 50%; flex-grow: 0; height: 40px; margin-right: 14px; width: 40px;\"><\/div>\n<div style=\"display: flex; flex-direction: column; flex-grow: 1; justify-content: center;\">\n<div style=\"background-color: #f4f4f4; border-radius: 4px; flex-grow: 0; height: 14px; margin-bottom: 6px; width: 100px;\"><\/div>\n<div style=\"background-color: #f4f4f4; border-radius: 4px; flex-grow: 0; height: 14px; width: 60px;\"><\/div>\n<\/div>\n<\/div>\n<div style=\"padding: 19% 0;\"><\/div>\n<div style=\"display: block; height: 50px; margin: 0 auto 12px; width: 50px;\"><\/div>\n<div style=\"padding-top: 8px;\">\n<div style=\"color: #3897f0; font-family: Arial,sans-serif; font-size: 14px; font-style: normal; font-weight: 550; line-height: 18px;\">View this post on Instagram<\/div>\n<\/div>\n<div style=\"padding: 12.5% 0;\"><\/div>\n<div style=\"display: flex; flex-direction: row; margin-bottom: 14px; align-items: center;\">\n<div>\n<div style=\"background-color: #f4f4f4; border-radius: 50%; height: 12.5px; width: 12.5px; transform: translateX(0px) translateY(7px);\"><\/div>\n<div style=\"background-color: #f4f4f4; height: 12.5px; transform: rotate(-45deg) translateX(3px) translateY(1px); width: 12.5px; flex-grow: 0; margin-right: 14px; margin-left: 2px;\"><\/div>\n<div style=\"background-color: #f4f4f4; border-radius: 50%; height: 12.5px; width: 12.5px; transform: translateX(9px) translateY(-18px);\"><\/div>\n<\/div>\n<div style=\"margin-left: 8px;\">\n<div style=\"background-color: #f4f4f4; border-radius: 50%; flex-grow: 0; height: 20px; width: 20px;\"><\/div>\n<div style=\"width: 0; height: 0; border-top: 2px solid transparent; border-left: 6px solid #f4f4f4; border-bottom: 2px solid transparent; transform: translateX(16px) translateY(-4px) rotate(30deg);\"><\/div>\n<\/div>\n<div style=\"margin-left: auto;\">\n<div style=\"width: 0px; border-top: 8px solid #F4F4F4; border-right: 8px solid transparent; transform: translateY(16px);\"><\/div>\n<div style=\"background-color: #f4f4f4; flex-grow: 0; height: 12px; width: 16px; transform: translateY(-4px);\"><\/div>\n<div style=\"width: 0; height: 0; border-top: 8px solid #F4F4F4; border-left: 8px solid transparent; transform: translateY(-4px) translateX(8px);\"><\/div>\n<\/div>\n<\/div>\n<p>&nbsp;<\/p>\n<p style=\"margin: 8px 0 0 0; padding: 0 4px;\"><a style=\"color: #000; font-family: Arial,sans-serif; font-size: 14px; font-style: normal; font-weight: normal; line-height: 17px; text-decoration: none; word-wrap: break-word;\" href=\"https:\/\/www.instagram.com\/p\/Bs1Q7FVBs0_\/?utm_source=ig_embed&amp;utm_medium=loading\" target=\"_blank\" rel=\"noopener\">Happy Birthday @ronkillings1 may you continue to randomly show up at my house and scare the &#x1f4a9; out of me &#x1f973;<\/a><\/p>\n<p style=\"color: #c9c8cd; font-family: Arial,sans-serif; font-size: 14px; line-height: 17px; margin-bottom: 0; margin-top: 8px; overflow: hidden; padding: 8px 0 7px; text-align: center; text-overflow: ellipsis; white-space: nowrap;\">A post shared by <a style=\"color: #c9c8cd; font-family: Arial,sans-serif; font-size: 14px; font-style: normal; font-weight: normal; line-height: 17px;\" href=\"https:\/\/www.instagram.com\/reneeyoungwwe\/?utm_source=ig_embed&amp;utm_medium=loading\" target=\"_blank\" rel=\"noopener\"> Renee Paquette<\/a> (@reneeyoungwwe) on <time style=\"font-family: Arial,sans-serif; font-size: 14px; line-height: 17px;\" datetime=\"2019-01-19T22:06:33+00:00\">Jan 19, 2019 at 2:06pm PST<\/time><\/p>\n<\/div>\n<\/blockquote>\n<p><script async src=\"\/\/www.instagram.com\/embed.js\"><\/script><script type=\"text\/javascript\"><!-- google_ad_client = \"ca-pub-1244235910658811\"; \/* 300x250 derecha main page *\/ google_ad_slot = \"1988061967\"; google_ad_width = 300; google_ad_height = 250; \/\/--><\/script><script type=\"text\/javascript\" src=\"http:\/\/pagead2.googlesyndication.com\/pagead\/show_ads.js\">\n<\/script><\/p>\n","protected":false},"excerpt":{"rendered":"<p>Aunque no hay muchos detalles en este momento, Akam de AOP sufri\u00f3 alg\u00fan tipo de lesi\u00f3n en la pierna que lo sacar\u00e1 de la acci\u00f3n durante meses.<\/p>\n","protected":false},"author":3,"featured_media":108486,"comment_status":"closed","ping_status":"closed","sticky":false,"template":"","format":"standard","meta":{"footnotes":""},"categories":[5],"tags":[],"class_list":{"0":"post-110714","1":"post","2":"type-post","3":"status-publish","4":"format-standard","5":"has-post-thumbnail","7":"category-noticias"},"_links":{"self":[{"href":"https:\/\/www.prwrestling.com\/nw\/wp-json\/wp\/v2\/posts\/110714","targetHints":{"allow":["GET"]}}],"collection":[{"href":"https:\/\/www.prwrestling.com\/nw\/wp-json\/wp\/v2\/posts"}],"about":[{"href":"https:\/\/www.prwrestling.com\/nw\/wp-json\/wp\/v2\/types\/post"}],"author":[{"embeddable":true,"href":"https:\/\/www.prwrestling.com\/nw\/wp-json\/wp\/v2\/users\/3"}],"replies":[{"embeddable":true,"href":"https:\/\/www.prwrestling.com\/nw\/wp-json\/wp\/v2\/comments?post=110714"}],"version-history":[{"count":3,"href":"https:\/\/www.prwrestling.com\/nw\/wp-json\/wp\/v2\/posts\/110714\/revisions"}],"predecessor-version":[{"id":110717,"href":"https:\/\/www.prwrestling.com\/nw\/wp-json\/wp\/v2\/posts\/110714\/revisions\/110717"}],"wp:featuredmedia":[{"embeddable":true,"href":"https:\/\/www.prwrestling.com\/nw\/wp-json\/wp\/v2\/media\/108486"}],"wp:attachment":[{"href":"https:\/\/www.prwrestling.com\/nw\/wp-json\/wp\/v2\/media?parent=110714"}],"wp:term":[{"taxonomy":"category","embeddable":true,"href":"https:\/\/www.prwrestling.com\/nw\/wp-json\/wp\/v2\/categories?post=110714"},{"taxonomy":"post_tag","embeddable":true,"href":"https:\/\/www.prwrestling.com\/nw\/wp-json\/wp\/v2\/tags?post=110714"}],"curies":[{"name":"wp","href":"https:\/\/api.w.org\/{rel}","templated":true}]}}