{"id":110750,"date":"2019-01-21T21:23:23","date_gmt":"2019-01-22T02:23:23","guid":{"rendered":"http:\/\/www.prwrestling.com\/nw\/?p=110750"},"modified":"2019-01-21T23:18:07","modified_gmt":"2019-01-22T04:18:07","slug":"penta-0-miedo-reta-a-angel-o-demonio","status":"publish","type":"post","link":"https:\/\/www.prwrestling.com\/nw\/penta-0-miedo-reta-a-angel-o-demonio\/","title":{"rendered":"Penta 0 Miedo reta a Angel o Demonio"},"content":{"rendered":"<p>En la noche del domingo se llev\u00f3 a cabo la funci\u00f3n Klandestino &#8220;No Fear&#8221; teniendo en el turno estelar el encuentro entre Penta 0M, Trauma I y II en contra de Ovett, Le\u00f3n Rojo y el polemico \u00c1ngel o Demonio resultado este \u00f9ltimo como perdedor a manos de \u201cCero Miedo\u201d.<!--more--><\/p>\n<p><center><script type=\"text\/javascript\"><!-- google_ad_client = \"ca-pub-1244235910658811\"; \/* 300x250 derecha main page *\/ google_ad_slot = \"1988061967\"; google_ad_width = 300; google_ad_height = 250; \/\/--><\/script><script type=\"text\/javascript\" src=\"http:\/\/pagead2.googlesyndication.com\/pagead\/show_ads.js\">\n<\/script><\/center>Angel o Demonio ha tenido mucha atenci\u00f3n sobre su persona en los \u00faltimos meses luego de que lastimara al luchador boricua El Cuervo tras lanzarle un ladrillo en la cabeza en una lucha celebrada en Mexico.<\/p>\n<p>Angel o Demonio hab\u00eda sido suspendido por el incidente, pero al parecer el t\u00e9rmino de la suspensi\u00f3n venci\u00f3.<\/p>\n<p>Al final del encuentro anoche Penta tom\u00f3 el microfono para lanzar el reto:<\/p>\n<p>\u201cSi de verdad te crees muy hombre te reto aqui en la L\u00f3pez m\u00e1scara contra cabellera, es m\u00e1s trae tu pinche cami\u00f3n de tabiques no hay problema,\u201d dijo Penta.<\/p>\n<p>A continuaci\u00f3n el video:<\/p>\n<p><center><script type=\"text\/javascript\"><!-- google_ad_client = \"ca-pub-1244235910658811\"; \/* 300x250 derecha main page *\/ google_ad_slot = \"1988061967\"; google_ad_width = 300; google_ad_height = 250; \/\/--><\/script><script type=\"text\/javascript\" src=\"http:\/\/pagead2.googlesyndication.com\/pagead\/show_ads.js\">\n<\/script><iframe loading=\"lazy\" src=\"https:\/\/www.youtube.com\/embed\/_wSPZpUvjuk\" width=\"560\" height=\"315\" frameborder=\"0\" allowfullscreen=\"allowfullscreen\"><\/iframe><\/center><\/p>\n","protected":false},"excerpt":{"rendered":"<p>En la noche del domingo se llev\u00f3 a cabo la funci\u00f3n Klandestino &#8220;No Fear&#8221; teniendo en el turno estelar el encuentro entre Penta 0M, Trauma I y II en contra de Ovett, Le\u00f3n Rojo y el polemico \u00c1ngel o Demonio resultado este \u00f9ltimo como perdedor a manos de \u201cCero Miedo\u201d.<\/p>\n","protected":false},"author":3,"featured_media":110752,"comment_status":"closed","ping_status":"closed","sticky":false,"template":"","format":"standard","meta":{"footnotes":""},"categories":[5],"tags":[],"class_list":{"0":"post-110750","1":"post","2":"type-post","3":"status-publish","4":"format-standard","5":"has-post-thumbnail","7":"category-noticias"},"_links":{"self":[{"href":"https:\/\/www.prwrestling.com\/nw\/wp-json\/wp\/v2\/posts\/110750","targetHints":{"allow":["GET"]}}],"collection":[{"href":"https:\/\/www.prwrestling.com\/nw\/wp-json\/wp\/v2\/posts"}],"about":[{"href":"https:\/\/www.prwrestling.com\/nw\/wp-json\/wp\/v2\/types\/post"}],"author":[{"embeddable":true,"href":"https:\/\/www.prwrestling.com\/nw\/wp-json\/wp\/v2\/users\/3"}],"replies":[{"embeddable":true,"href":"https:\/\/www.prwrestling.com\/nw\/wp-json\/wp\/v2\/comments?post=110750"}],"version-history":[{"count":2,"href":"https:\/\/www.prwrestling.com\/nw\/wp-json\/wp\/v2\/posts\/110750\/revisions"}],"predecessor-version":[{"id":110760,"href":"https:\/\/www.prwrestling.com\/nw\/wp-json\/wp\/v2\/posts\/110750\/revisions\/110760"}],"wp:featuredmedia":[{"embeddable":true,"href":"https:\/\/www.prwrestling.com\/nw\/wp-json\/wp\/v2\/media\/110752"}],"wp:attachment":[{"href":"https:\/\/www.prwrestling.com\/nw\/wp-json\/wp\/v2\/media?parent=110750"}],"wp:term":[{"taxonomy":"category","embeddable":true,"href":"https:\/\/www.prwrestling.com\/nw\/wp-json\/wp\/v2\/categories?post=110750"},{"taxonomy":"post_tag","embeddable":true,"href":"https:\/\/www.prwrestling.com\/nw\/wp-json\/wp\/v2\/tags?post=110750"}],"curies":[{"name":"wp","href":"https:\/\/api.w.org\/{rel}","templated":true}]}}