{"id":110761,"date":"2019-01-22T16:08:06","date_gmt":"2019-01-22T21:08:06","guid":{"rendered":"http:\/\/www.prwrestling.com\/nw\/?p=110761"},"modified":"2019-01-22T16:08:06","modified_gmt":"2019-01-22T21:08:06","slug":"brie-bella-revela-estuvo-en-depresion-tras-accidente-en-el-ring","status":"publish","type":"post","link":"https:\/\/www.prwrestling.com\/nw\/brie-bella-revela-estuvo-en-depresion-tras-accidente-en-el-ring\/","title":{"rendered":"Brie Bella revela estuvo en depresi\u00f3n tras accidente en el ring"},"content":{"rendered":"<p>Brie Bella habl\u00f3 con Digital Spy acerca de la reacci\u00f3n a su movida accidental sobre de Liv Morgan durante un una lucha de WWE RAW en septiembre. <!--more--><\/p>\n<p><center><script type=\"text\/javascript\"><!-- google_ad_client = \"ca-pub-1244235910658811\"; \/* 300x250 derecha main page *\/ google_ad_slot = \"1988061967\"; google_ad_width = 300; google_ad_height = 250; \/\/--><\/script><script type=\"text\/javascript\" src=\"http:\/\/pagead2.googlesyndication.com\/pagead\/show_ads.js\">\n<\/script><\/center>Mientras pegaba una serie de &#8220;Yes Kicks&#8221;, Brie termin\u00f3 pegandole a Morgan dos veces en la cara, dej\u00e1ndola fuera de combate por unos segundos. Se supo m\u00e1s tarde que Morgan sufri\u00f3 una conmoci\u00f3n cerebral.<\/p>\n<p>En la entrevista, a Brie se le pregunt\u00f3 acerca de la cr\u00edtica que recibi\u00f3 en l\u00ednea y dijo que los fan\u00e1ticos ver\u00e1n en Total Bellas la &#8220;depresi\u00f3n profunda&#8221; que atraveso por el incidente.<\/p>\n<blockquote class=\"twitter-tweet tw-align-center\" data-conversation=\"none\" data-lang=\"en\">\n<p dir=\"ltr\" lang=\"en\">Sorry for the trash gif, but last two kicks were to the mug. <a href=\"https:\/\/twitter.com\/hashtag\/Raw?src=hash&amp;ref_src=twsrc%5Etfw\" target=\"_blank\" rel=\"noopener\">#Raw<\/a> <a href=\"https:\/\/t.co\/ojZaP2Thmn\">pic.twitter.com\/ojZaP2Thmn<\/a><\/p>\n<p>\u2014 WrestlingINC.com (@WrestlingInc) <a href=\"https:\/\/twitter.com\/WrestlingInc\/status\/1044388711801253888?ref_src=twsrc%5Etfw\" target=\"_blank\" rel=\"noopener\">September 25, 2018<\/a><\/p><\/blockquote>\n<p><script async src=\"https:\/\/platform.twitter.com\/widgets.js\" charset=\"utf-8\"><\/script>&#8220;Es una locura c\u00f3mo he estado luchando durante 12 a\u00f1os y por un error en el ring me han juzgado tan severamente&#8221;, dijo Brie. &#8220;No somos perfectos, nadie es perfecto. \u00bfSaben cu\u00e1ntas personas han resultado heridas en el ring? Pero, por alguna raz\u00f3n, me mostraron como esta malvada persona, y &#8216;mira lo que ha hecho&#8217; y Me acosaron muy mal.<\/p>\n<p>&#8220;Quer\u00eda irme a una cueva y ver\u00e1s. No creo que la gente me haya visto tan mal como lo har\u00edan durante toda la situaci\u00f3n de Liv. Entr\u00e9 en una profunda depresi\u00f3n. No sab\u00eda si iba a poder volver al trabajo. Todas las cosas horribles que la gente dec\u00eda sobre m\u00ed, me sent\u00ed mil veces peor que lo que pensaban de m\u00ed y realmente tuve que sentarme y pensar: &#8216;Brie, t\u00fa &#8220;eres una madre&#8221; y si Birdie estuviera en esta situaci\u00f3n, \u00bfquerr\u00edas que ella se sintiera tan mal o quisieras que ella se enfrentara a lo que pasa?,&#8221; dijo.<\/p>\n<p><center><script type=\"text\/javascript\"><!-- google_ad_client = \"ca-pub-1244235910658811\"; \/* 300x250 derecha main page *\/ google_ad_slot = \"1988061967\"; google_ad_width = 300; google_ad_height = 250; \/\/--><\/script><script type=\"text\/javascript\" src=\"http:\/\/pagead2.googlesyndication.com\/pagead\/show_ads.js\">\n<\/script><\/center><\/p>\n","protected":false},"excerpt":{"rendered":"<p>Brie Bella habl\u00f3 con Digital Spy acerca de la reacci\u00f3n a su movida accidental sobre de Liv Morgan durante un una lucha de WWE RAW en septiembre.<\/p>\n","protected":false},"author":3,"featured_media":104607,"comment_status":"closed","ping_status":"closed","sticky":false,"template":"","format":"standard","meta":{"footnotes":""},"categories":[5],"tags":[],"class_list":{"0":"post-110761","1":"post","2":"type-post","3":"status-publish","4":"format-standard","5":"has-post-thumbnail","7":"category-noticias"},"_links":{"self":[{"href":"https:\/\/www.prwrestling.com\/nw\/wp-json\/wp\/v2\/posts\/110761","targetHints":{"allow":["GET"]}}],"collection":[{"href":"https:\/\/www.prwrestling.com\/nw\/wp-json\/wp\/v2\/posts"}],"about":[{"href":"https:\/\/www.prwrestling.com\/nw\/wp-json\/wp\/v2\/types\/post"}],"author":[{"embeddable":true,"href":"https:\/\/www.prwrestling.com\/nw\/wp-json\/wp\/v2\/users\/3"}],"replies":[{"embeddable":true,"href":"https:\/\/www.prwrestling.com\/nw\/wp-json\/wp\/v2\/comments?post=110761"}],"version-history":[{"count":1,"href":"https:\/\/www.prwrestling.com\/nw\/wp-json\/wp\/v2\/posts\/110761\/revisions"}],"predecessor-version":[{"id":110762,"href":"https:\/\/www.prwrestling.com\/nw\/wp-json\/wp\/v2\/posts\/110761\/revisions\/110762"}],"wp:featuredmedia":[{"embeddable":true,"href":"https:\/\/www.prwrestling.com\/nw\/wp-json\/wp\/v2\/media\/104607"}],"wp:attachment":[{"href":"https:\/\/www.prwrestling.com\/nw\/wp-json\/wp\/v2\/media?parent=110761"}],"wp:term":[{"taxonomy":"category","embeddable":true,"href":"https:\/\/www.prwrestling.com\/nw\/wp-json\/wp\/v2\/categories?post=110761"},{"taxonomy":"post_tag","embeddable":true,"href":"https:\/\/www.prwrestling.com\/nw\/wp-json\/wp\/v2\/tags?post=110761"}],"curies":[{"name":"wp","href":"https:\/\/api.w.org\/{rel}","templated":true}]}}