{"id":111006,"date":"2019-02-02T18:04:05","date_gmt":"2019-02-02T23:04:05","guid":{"rendered":"https:\/\/www.prwrestling.com\/nw\/?p=111006"},"modified":"2021-01-03T13:03:17","modified_gmt":"2021-01-03T18:03:17","slug":"stephanie-invita-a-becky-a-raw-lucha-anunciada","status":"publish","type":"post","link":"https:\/\/www.prwrestling.com\/nw\/stephanie-invita-a-becky-a-raw-lucha-anunciada\/","title":{"rendered":"Stephanie invita a Becky a Raw; Lucha anunciada"},"content":{"rendered":"<p>Despu\u00e9s de ganar el Royal Rumble de 30 mujeres, Becky Lynch no perdi\u00f3 tiempo para decir a quien quer\u00eda enfrentarse en WrestleMania y desafi\u00f3 a la Campeona Femenina de Raw Ronda Rousey, por el t\u00edtulo en abril.<!--more--><\/p>\n<p><center><script type=\"text\/javascript\"><!-- google_ad_client = \"ca-pub-1244235910658811\"; \/* 300x250 derecha main page *\/ google_ad_slot = \"1988061967\"; google_ad_width = 300; google_ad_height = 250; \/\/--><\/script><script type=\"text\/javascript\" src=\"https:\/\/pagead2.googlesyndication.com\/pagead\/show_ads.js\">\n<\/script><\/center>Stephanie McMahon ahora ha invitado a Lynch a regresar a RAW esta pr\u00f3xima semana y coment\u00f3 sobre esto en Twitter:<\/p>\n<blockquote class=\"twitter-tweet tw-align-center\" data-partner=\"tweetdeck\">\n<p dir=\"ltr\" lang=\"en\">Looks like <a href=\"https:\/\/twitter.com\/hashtag\/TheMan?src=hash&amp;ref_src=twsrc%5Etfw\" target=\"_blank\" rel=\"noopener\">#TheMan<\/a> is coming around to <a href=\"https:\/\/twitter.com\/hashtag\/RAW?src=hash&amp;ref_src=twsrc%5Etfw\" target=\"_blank\" rel=\"noopener\">#RAW<\/a> again&#8230; <a href=\"https:\/\/twitter.com\/BeckyLynchWWE?ref_src=twsrc%5Etfw\" target=\"_blank\" rel=\"noopener\">@BeckyLynchWWE<\/a> <a href=\"https:\/\/twitter.com\/StephMcMahon?ref_src=twsrc%5Etfw\" target=\"_blank\" rel=\"noopener\">@StephMcMahon<\/a> <a href=\"https:\/\/t.co\/9zXltMKr8U\">https:\/\/t.co\/9zXltMKr8U<\/a><\/p>\n<p>\u2014 WWE (@WWE) <a href=\"https:\/\/twitter.com\/WWE\/status\/1091776129277587456?ref_src=twsrc%5Etfw\" target=\"_blank\" rel=\"noopener\">February 2, 2019<\/a><\/p><\/blockquote>\n<p><script async src=\"https:\/\/platform.twitter.com\/widgets.js\" charset=\"utf-8\"><\/script><\/p>\n<p><center><script type=\"text\/javascript\"><!-- google_ad_client = \"ca-pub-1244235910658811\"; \/* 300x250 derecha main page *\/ google_ad_slot = \"1988061967\"; google_ad_width = 300; google_ad_height = 250; \/\/--><\/script><script type=\"text\/javascript\" src=\"https:\/\/pagead2.googlesyndication.com\/pagead\/show_ads.js\">\n<\/script><\/center><\/p>\n<h3><strong>Luchas anunciadas para Raw<\/strong><\/h3>\n<p>WWE anunci\u00f3 que Jeff Harret luchar\u00e1 este lunes cuando se mida a Elias en Raw. Jarrett tendr\u00e1 a Roadd Dogg en su esquina.<\/p>\n<p>Tambi\u00e9n se anunci\u00f3 que Finn Balor se medir\u00e1 al Campe\u00f3n Intercontinental Bobby Lashley en RAW. No se especific\u00f3 si el t\u00edtulo estaba en juego, por lo que en este momento parece que ser\u00e1 una lucha no titular.<\/p>\n<p>Tras el anuncio, Lashley reaccion\u00f3 v\u00eda Twitter:<\/p>\n<blockquote class=\"twitter-tweet tw-align-center\" data-lang=\"en\">\n<p dir=\"ltr\" lang=\"en\">&#8230;and you thought the beating <a href=\"https:\/\/twitter.com\/BrockLesnar?ref_src=twsrc%5Etfw\" target=\"_blank\" rel=\"noopener\">@BrockLesnar<\/a> gave you was bad <a href=\"https:\/\/twitter.com\/FinnBalor?ref_src=twsrc%5Etfw\" target=\"_blank\" rel=\"noopener\">@FinnBalor<\/a>. Just you wait. <a href=\"https:\/\/twitter.com\/hashtag\/TheAllMighty?src=hash&amp;ref_src=twsrc%5Etfw\" target=\"_blank\" rel=\"noopener\">#TheAllMighty<\/a> <a href=\"https:\/\/t.co\/0ii5p8RJve\">https:\/\/t.co\/0ii5p8RJve<\/a><\/p>\n<p>\u2014 Bobby Lashley (@fightbobby) <a href=\"https:\/\/twitter.com\/fightbobby\/status\/1091736544321437702?ref_src=twsrc%5Etfw\" target=\"_blank\" rel=\"noopener\">February 2, 2019<\/a><\/p><\/blockquote>\n<p><script async src=\"https:\/\/platform.twitter.com\/widgets.js\" charset=\"utf-8\"><\/script><\/p>\n<p><center><script type=\"text\/javascript\"><!-- google_ad_client = \"ca-pub-1244235910658811\"; \/* 300x250 derecha main page *\/ google_ad_slot = \"1988061967\"; google_ad_width = 300; google_ad_height = 250; \/\/--><\/script><script type=\"text\/javascript\" src=\"https:\/\/pagead2.googlesyndication.com\/pagead\/show_ads.js\">\n<\/script><\/center><\/p>\n","protected":false},"excerpt":{"rendered":"<p>Despu\u00e9s de ganar el Royal Rumble de 30 mujeres, Becky Lynch no perdi\u00f3 tiempo para decir a quien quer\u00eda enfrentarse en WrestleMania y desafi\u00f3 a la Campeona Femenina de Raw Ronda Rousey, por el t\u00edtulo en abril.<\/p>\n","protected":false},"author":3,"featured_media":111008,"comment_status":"closed","ping_status":"closed","sticky":false,"template":"","format":"standard","meta":{"footnotes":""},"categories":[5],"tags":[2796],"class_list":{"0":"post-111006","1":"post","2":"type-post","3":"status-publish","4":"format-standard","5":"has-post-thumbnail","7":"category-noticias","8":"tag-stephanie-mcmahon"},"_links":{"self":[{"href":"https:\/\/www.prwrestling.com\/nw\/wp-json\/wp\/v2\/posts\/111006","targetHints":{"allow":["GET"]}}],"collection":[{"href":"https:\/\/www.prwrestling.com\/nw\/wp-json\/wp\/v2\/posts"}],"about":[{"href":"https:\/\/www.prwrestling.com\/nw\/wp-json\/wp\/v2\/types\/post"}],"author":[{"embeddable":true,"href":"https:\/\/www.prwrestling.com\/nw\/wp-json\/wp\/v2\/users\/3"}],"replies":[{"embeddable":true,"href":"https:\/\/www.prwrestling.com\/nw\/wp-json\/wp\/v2\/comments?post=111006"}],"version-history":[{"count":3,"href":"https:\/\/www.prwrestling.com\/nw\/wp-json\/wp\/v2\/posts\/111006\/revisions"}],"predecessor-version":[{"id":111011,"href":"https:\/\/www.prwrestling.com\/nw\/wp-json\/wp\/v2\/posts\/111006\/revisions\/111011"}],"wp:featuredmedia":[{"embeddable":true,"href":"https:\/\/www.prwrestling.com\/nw\/wp-json\/wp\/v2\/media\/111008"}],"wp:attachment":[{"href":"https:\/\/www.prwrestling.com\/nw\/wp-json\/wp\/v2\/media?parent=111006"}],"wp:term":[{"taxonomy":"category","embeddable":true,"href":"https:\/\/www.prwrestling.com\/nw\/wp-json\/wp\/v2\/categories?post=111006"},{"taxonomy":"post_tag","embeddable":true,"href":"https:\/\/www.prwrestling.com\/nw\/wp-json\/wp\/v2\/tags?post=111006"}],"curies":[{"name":"wp","href":"https:\/\/api.w.org\/{rel}","templated":true}]}}