{"id":111085,"date":"2019-02-07T20:13:33","date_gmt":"2019-02-08T01:13:33","guid":{"rendered":"https:\/\/www.prwrestling.com\/nw\/?p=111085"},"modified":"2019-02-07T20:13:33","modified_gmt":"2019-02-08T01:13:33","slug":"wwe-confirma-superstar-shakeup-en-abril","status":"publish","type":"post","link":"https:\/\/www.prwrestling.com\/nw\/wwe-confirma-superstar-shakeup-en-abril\/","title":{"rendered":"WWE confirma SuperStar Shakeup en abril"},"content":{"rendered":"<p>A principios de esta semana se emiti\u00f3 un comercial en Canad\u00e1 durante RAW para las pr\u00f3ximas grabaciones de RAW y SmackDown en Montreal el 15 y 16 de abril.<!--more--> La promo indicaba que &#8220;el primer Superstar Shake-up internacional&#8221; se realizar\u00e1 en cada show.<\/p>\n<p><center><script type=\"text\/javascript\"><!-- google_ad_client = \"ca-pub-1244235910658811\"; \/* 300x250 derecha main page *\/ google_ad_slot = \"1988061967\"; google_ad_width = 300; google_ad_height = 250; \/\/--><\/script><script type=\"text\/javascript\" src=\"https:\/\/pagead2.googlesyndication.com\/pagead\/show_ads.js\">\n<\/script><\/center>En el video a continuaci\u00f3n, WWE confirma que esas fechas son de hecho cuando se realizar\u00e1 la Superstar Shake-up de este a\u00f1o.<\/p>\n<p><center><iframe loading=\"lazy\" src=\"https:\/\/www.youtube.com\/embed\/s_lhCN9qfUU\" width=\"560\" height=\"315\" frameborder=\"0\" allowfullscreen=\"allowfullscreen\"><\/iframe><\/center>El a\u00f1o pasado se llev\u00f3 a cabo el 16 y 17 de abril. En ese Shake-up, Jeff Hardy, Samoa Joe, R-Truth, Mandy Rose, Sonya Deville, Asuka, Sheamus y Cesaro fueron las estrellas que pasaron de RAW a SmackDown.<\/p>\n<p>Kevin Owens, Dolph Ziggler, Jinder Mahal, Sami Zayn, The Riott Squad, Natalya, Baron Corbin, Bobby Roode, Chad Gable, Mojo Rawley y Zack Ryder fueron algunos de los nombres que se trasladaron a RAW.<\/p>\n<p><center><script type=\"text\/javascript\"><!-- google_ad_client = \"ca-pub-1244235910658811\"; \/* 300x250 derecha main page *\/ google_ad_slot = \"1988061967\"; google_ad_width = 300; google_ad_height = 250; \/\/--><\/script><script type=\"text\/javascript\" src=\"https:\/\/pagead2.googlesyndication.com\/pagead\/show_ads.js\">\n<\/script><\/center><\/p>\n","protected":false},"excerpt":{"rendered":"<p>A principios de esta semana se emiti\u00f3 un comercial en Canad\u00e1 durante RAW para las pr\u00f3ximas grabaciones de RAW y SmackDown en Montreal el 15 y 16 de abril.<\/p>\n","protected":false},"author":3,"featured_media":9211,"comment_status":"closed","ping_status":"closed","sticky":false,"template":"","format":"standard","meta":{"footnotes":""},"categories":[5],"tags":[],"class_list":{"0":"post-111085","1":"post","2":"type-post","3":"status-publish","4":"format-standard","5":"has-post-thumbnail","7":"category-noticias"},"_links":{"self":[{"href":"https:\/\/www.prwrestling.com\/nw\/wp-json\/wp\/v2\/posts\/111085","targetHints":{"allow":["GET"]}}],"collection":[{"href":"https:\/\/www.prwrestling.com\/nw\/wp-json\/wp\/v2\/posts"}],"about":[{"href":"https:\/\/www.prwrestling.com\/nw\/wp-json\/wp\/v2\/types\/post"}],"author":[{"embeddable":true,"href":"https:\/\/www.prwrestling.com\/nw\/wp-json\/wp\/v2\/users\/3"}],"replies":[{"embeddable":true,"href":"https:\/\/www.prwrestling.com\/nw\/wp-json\/wp\/v2\/comments?post=111085"}],"version-history":[{"count":1,"href":"https:\/\/www.prwrestling.com\/nw\/wp-json\/wp\/v2\/posts\/111085\/revisions"}],"predecessor-version":[{"id":111086,"href":"https:\/\/www.prwrestling.com\/nw\/wp-json\/wp\/v2\/posts\/111085\/revisions\/111086"}],"wp:featuredmedia":[{"embeddable":true,"href":"https:\/\/www.prwrestling.com\/nw\/wp-json\/wp\/v2\/media\/9211"}],"wp:attachment":[{"href":"https:\/\/www.prwrestling.com\/nw\/wp-json\/wp\/v2\/media?parent=111085"}],"wp:term":[{"taxonomy":"category","embeddable":true,"href":"https:\/\/www.prwrestling.com\/nw\/wp-json\/wp\/v2\/categories?post=111085"},{"taxonomy":"post_tag","embeddable":true,"href":"https:\/\/www.prwrestling.com\/nw\/wp-json\/wp\/v2\/tags?post=111085"}],"curies":[{"name":"wp","href":"https:\/\/api.w.org\/{rel}","templated":true}]}}