{"id":111316,"date":"2019-02-22T10:59:33","date_gmt":"2019-02-22T15:59:33","guid":{"rendered":"https:\/\/www.prwrestling.com\/nw\/?p=111316"},"modified":"2019-02-22T11:04:33","modified_gmt":"2019-02-22T16:04:33","slug":"wwe-deja-libre-a-arn-anderson","status":"publish","type":"post","link":"https:\/\/www.prwrestling.com\/nw\/wwe-deja-libre-a-arn-anderson\/","title":{"rendered":"WWE deja libre a Arn Anderson"},"content":{"rendered":"<p>Seg\u00fan informa Pro Wrestling Sheet, WWE ha terminado su relaci\u00f3n laboral con con Arn Anderson. <!--more-->Aparentemente la terminacion sucedi\u00f3 ayer jueves.<\/p>\n<p>Como miembro del Sal\u00f3n de la Fama de la WWE, Anderson se retir\u00f3 de la competencia dentro del ring en 1997 debido a lesiones en el cuello y la espalda.<\/p>\n<p>Anderson ha sido un agente en la WWE desde que WCW fue adquirida en 2001.<\/p>\n<p>Ocasionalmente apareci\u00f3 en segmentos tras bastidores a lo largo de los a\u00f1os, ya sea para ofrecer asesoramiento a j\u00f3venes superestrellas o participando en segmentos c\u00f3micos.<\/p>\n","protected":false},"excerpt":{"rendered":"<p>Seg\u00fan informa Pro Wrestling Sheet, WWE ha terminado su relaci\u00f3n laboral con con Arn Anderson.<\/p>\n","protected":false},"author":3,"featured_media":16362,"comment_status":"closed","ping_status":"closed","sticky":false,"template":"","format":"standard","meta":{"footnotes":""},"categories":[5],"tags":[],"class_list":{"0":"post-111316","1":"post","2":"type-post","3":"status-publish","4":"format-standard","5":"has-post-thumbnail","7":"category-noticias"},"_links":{"self":[{"href":"https:\/\/www.prwrestling.com\/nw\/wp-json\/wp\/v2\/posts\/111316","targetHints":{"allow":["GET"]}}],"collection":[{"href":"https:\/\/www.prwrestling.com\/nw\/wp-json\/wp\/v2\/posts"}],"about":[{"href":"https:\/\/www.prwrestling.com\/nw\/wp-json\/wp\/v2\/types\/post"}],"author":[{"embeddable":true,"href":"https:\/\/www.prwrestling.com\/nw\/wp-json\/wp\/v2\/users\/3"}],"replies":[{"embeddable":true,"href":"https:\/\/www.prwrestling.com\/nw\/wp-json\/wp\/v2\/comments?post=111316"}],"version-history":[{"count":2,"href":"https:\/\/www.prwrestling.com\/nw\/wp-json\/wp\/v2\/posts\/111316\/revisions"}],"predecessor-version":[{"id":111318,"href":"https:\/\/www.prwrestling.com\/nw\/wp-json\/wp\/v2\/posts\/111316\/revisions\/111318"}],"wp:featuredmedia":[{"embeddable":true,"href":"https:\/\/www.prwrestling.com\/nw\/wp-json\/wp\/v2\/media\/16362"}],"wp:attachment":[{"href":"https:\/\/www.prwrestling.com\/nw\/wp-json\/wp\/v2\/media?parent=111316"}],"wp:term":[{"taxonomy":"category","embeddable":true,"href":"https:\/\/www.prwrestling.com\/nw\/wp-json\/wp\/v2\/categories?post=111316"},{"taxonomy":"post_tag","embeddable":true,"href":"https:\/\/www.prwrestling.com\/nw\/wp-json\/wp\/v2\/tags?post=111316"}],"curies":[{"name":"wp","href":"https:\/\/api.w.org\/{rel}","templated":true}]}}