{"id":111806,"date":"2019-03-21T14:00:09","date_gmt":"2019-03-21T18:00:09","guid":{"rendered":"https:\/\/www.prwrestling.com\/nw\/?p=111806"},"modified":"2019-03-21T14:00:09","modified_gmt":"2019-03-21T18:00:09","slug":"ceremonia-del-hall-of-fame-podria-tener-cambios-este-ano","status":"publish","type":"post","link":"https:\/\/www.prwrestling.com\/nw\/ceremonia-del-hall-of-fame-podria-tener-cambios-este-ano\/","title":{"rendered":"Ceremonia del Hall of Fame podr\u00eda tener cambios este a\u00f1o"},"content":{"rendered":"<p>La ceremonia del Sal\u00f3n de la Fama de la WWE ser\u00e1 una blindada este a\u00f1o con D-Generation X encabezando el evento.<!--more--> Sin embargo, tambi\u00e9n podr\u00edan estar planeando cambiar como las cosas se presentan.<\/p>\n<p><center><script type=\"text\/javascript\"><!-- google_ad_client = \"ca-pub-1244235910658811\"; \/* 300x250 derecha main page *\/ google_ad_slot = \"1988061967\"; google_ad_width = 300; google_ad_height = 250; \/\/--><\/script><script type=\"text\/javascript\" src=\"https:\/\/pagead2.googlesyndication.com\/pagead\/show_ads.js\">\n<\/script><\/center>Se hab\u00eda rumorado que WWE planeaba evitar la idea de que cada persona o grupo que entre al Salon sea introducida por otra persona. Esto ciertamente podr\u00eda acortar el evento, cual tiene una historia de durar demasiado tiempo.<\/p>\n<p>Dana Warrior fue anunciada como la persona en entregar el Warrior Award, lo que significa que la WWE obviamente planea tener alg\u00fan tipo de discurso para al menos una persona. F4WOline recibi\u00f3 una declaraci\u00f3n de WWE que confirma que habr\u00e1 personas que incorporar\u00e1n a la nueva clase al Sal\u00f3n de la Fama, pero tambi\u00e9n planean mezclar las cosas un poco.<\/p>\n<p>\u201cMientras miramos las opciones de formato, el plan es tener inductores, pero podr\u00eda haber una mezcla de formas de introducir a los talentos. Tambi\u00e9n estamos analizando el flujo&#8230;,&#8221; respondi\u00f3 un representante de la WWE.<\/p>\n<p>[visual-link-preview encoded=&#8221;eyJ0eXBlIjoiaW50ZXJuYWwiLCJwb3N0IjoxMTE4MDEsInBvc3RfbGFiZWwiOiJQb3N0IDExMTgwMSAtIE5vdGljaWFzIGJhY2tzdGFnZSBzb2JyZSBwbGFuZXMgY2FuY2VsYWRvcyBlbnRyZSBNeXN0ZXJpbyB5IEFuZHJhZGUiLCJ1cmwiOiIiLCJpbWFnZV9pZCI6MTA4MDY5LCJpbWFnZV91cmwiOiJodHRwczovL3d3dy5wcndyZXN0bGluZy5jb20vbncvd3AtY29udGVudC91cGxvYWRzLzIwMTgvMTEvcmV5LW15c3RlcmlvLTY5NngzOTIuanBnIiwidGl0bGUiOiJOb3RpY2lhcyBiYWNrc3RhZ2Ugc29icmUgcGxhbmVzIGNhbmNlbGFkb3MgZW50cmUgTXlzdGVyaW8geSBBbmRyYWRlIiwic3VtbWFyeSI6IldXRSBvcmlnaW5hbG1lbnRlIHRlbsOtYSBwbGFuZXMgZGUgaGFjZXIgdW5hIGx1Y2hhIE1hc2NhcmEgdnMgQ2FiZWxsZXJhIGVuIFdyZXN0bGVNYW5pYS4iLCJ0ZW1wbGF0ZSI6InVzZV9kZWZhdWx0X2Zyb21fc2V0dGluZ3MifQ==&#8221;]<\/p>\n<p>Se rumorea que tambi\u00e9n hay nuevos anfitriones, reemplazando a Jerry Lawler quien ha sido el animador en las pasadas ediciones.<\/p>\n<p><center><script type=\"text\/javascript\"><!-- google_ad_client = \"ca-pub-1244235910658811\"; \/* 300x250 derecha main page *\/ google_ad_slot = \"1988061967\"; google_ad_width = 300; google_ad_height = 250; \/\/--><\/script><script type=\"text\/javascript\" src=\"https:\/\/pagead2.googlesyndication.com\/pagead\/show_ads.js\">\n<\/script><\/center><\/p>\n","protected":false},"excerpt":{"rendered":"<p>La ceremonia del Sal\u00f3n de la Fama de la WWE ser\u00e1 una blindada este a\u00f1o con D-Generation X encabezando el evento.<\/p>\n","protected":false},"author":3,"featured_media":13162,"comment_status":"closed","ping_status":"closed","sticky":false,"template":"","format":"standard","meta":{"footnotes":""},"categories":[38],"tags":[],"class_list":{"0":"post-111806","1":"post","2":"type-post","3":"status-publish","4":"format-standard","5":"has-post-thumbnail","7":"category-noticias-y-rumores-de-la-wwe"},"_links":{"self":[{"href":"https:\/\/www.prwrestling.com\/nw\/wp-json\/wp\/v2\/posts\/111806","targetHints":{"allow":["GET"]}}],"collection":[{"href":"https:\/\/www.prwrestling.com\/nw\/wp-json\/wp\/v2\/posts"}],"about":[{"href":"https:\/\/www.prwrestling.com\/nw\/wp-json\/wp\/v2\/types\/post"}],"author":[{"embeddable":true,"href":"https:\/\/www.prwrestling.com\/nw\/wp-json\/wp\/v2\/users\/3"}],"replies":[{"embeddable":true,"href":"https:\/\/www.prwrestling.com\/nw\/wp-json\/wp\/v2\/comments?post=111806"}],"version-history":[{"count":1,"href":"https:\/\/www.prwrestling.com\/nw\/wp-json\/wp\/v2\/posts\/111806\/revisions"}],"predecessor-version":[{"id":111807,"href":"https:\/\/www.prwrestling.com\/nw\/wp-json\/wp\/v2\/posts\/111806\/revisions\/111807"}],"wp:featuredmedia":[{"embeddable":true,"href":"https:\/\/www.prwrestling.com\/nw\/wp-json\/wp\/v2\/media\/13162"}],"wp:attachment":[{"href":"https:\/\/www.prwrestling.com\/nw\/wp-json\/wp\/v2\/media?parent=111806"}],"wp:term":[{"taxonomy":"category","embeddable":true,"href":"https:\/\/www.prwrestling.com\/nw\/wp-json\/wp\/v2\/categories?post=111806"},{"taxonomy":"post_tag","embeddable":true,"href":"https:\/\/www.prwrestling.com\/nw\/wp-json\/wp\/v2\/tags?post=111806"}],"curies":[{"name":"wp","href":"https:\/\/api.w.org\/{rel}","templated":true}]}}