{"id":112350,"date":"2019-04-05T12:34:29","date_gmt":"2019-04-05T16:34:29","guid":{"rendered":"https:\/\/www.prwrestling.com\/nw\/?p=112350"},"modified":"2019-04-05T12:34:29","modified_gmt":"2019-04-05T16:34:29","slug":"rollins-dice-que-lesnar-es-un-asesino-de-la-industria","status":"publish","type":"post","link":"https:\/\/www.prwrestling.com\/nw\/rollins-dice-que-lesnar-es-un-asesino-de-la-industria\/","title":{"rendered":"Rollins dice que Lesnar es un &#8220;asesino de la industria&#8221;"},"content":{"rendered":"<p>Seth Rollins habl\u00f3 recientemente con Yahoo para promover el encuentro de WrestleMania 35 del domingo ante el Campe\u00f3n Universal de la WWE Brock Lesnar.<!--more--> Rollins dijo que la gente simplemente est\u00e1 harta de que Lesnar se quede con el t\u00edtulo.<div id=\"ad-slot\" style=\"min-width: 300px; min-height: 250px;\">\r\n<p style=\"text-align: center;\">\r\n<script async src=\"https:\/\/pagead2.googlesyndication.com\/pagead\/js\/adsbygoogle.js\"><\/script>\r\n<!-- 300x250 sc a -->\r\n<ins class=\"adsbygoogle\"\r\n     style=\"display:inline-block;width:300px;height:250px\"\r\n     data-ad-client=\"ca-pub-1244235910658811\"\r\n     data-ad-slot=\"8592682546\"><\/ins>\r\n<script>\r\n     (adsbygoogle = window.adsbygoogle || []).push({});\r\n<\/script><\/center>\r\n<\/p><\/div><\/p>\n<p>&#8220;Creo que la gente est\u00e1 harta de eso&#8221;, dijo Rollins. &#8220;Lo has visto y escuchado cada semana. Quieren ver a un campe\u00f3n que va a estar all\u00ed, que los representar\u00e1, un campe\u00f3n del que pueden estar orgullosos y que inspira a la gente. Brock Lesnar no lo hace&#8221;.<\/p>\n<p>&#8220;Es un asesino de la industria, no un constructor de la industria. No se preocupa por nadie m\u00e1s que por s\u00ed mismo y ha sido durante toda su vida. Hace a\u00f1os se le dio la oportunidad de llevar el manto aqu\u00ed en la WWE pero fue demasiado dif\u00edcil para \u00e9l y se alej\u00f3. Por supuesto, ha podido regresar y hacer las cosas en sus propios t\u00e9rminos, pero sus propios t\u00e9rminos solo sirven para s\u00ed mismo&#8221; diji.<\/p>\n<p>Respecto a la \u00faltima reunion del Shield en Fastlane, Rollins dijo que fue una de las experiencias m\u00e1s emotivas que haya tenido en un ring de lucha.<\/p>\n<p>&#8220;Al final del d\u00eda, estaba feliz de tener ese \u00faltimo encuentro con mis hermanos Shield a mi lado&#8221;, dijo.<br \/>\n<div id=\"ad-slot\" style=\"min-width: 300px; min-height: 250px;\">\r\n<p style=\"text-align: center;\">\r\n<script async src=\"https:\/\/pagead2.googlesyndication.com\/pagead\/js\/adsbygoogle.js\"><\/script>\r\n<!-- 300x250 sc a -->\r\n<ins class=\"adsbygoogle\"\r\n     style=\"display:inline-block;width:300px;height:250px\"\r\n     data-ad-client=\"ca-pub-1244235910658811\"\r\n     data-ad-slot=\"8592682546\"><\/ins>\r\n<script>\r\n     (adsbygoogle = window.adsbygoogle || []).push({});\r\n<\/script><\/center>\r\n<\/p><\/div><br \/>\n&#8220;Fue una de las experiencias m\u00e1s emocionales que he tenido en un ring y me sent\u00ed muy bien. Cada vez que estamos del mismo lado, es muy f\u00e1cil, es muy divertido. Sabiendo que fue la \u00faltima, Creo que todos pudimos empaparlo y disfrutar esa lucha. Eso me impuls\u00f3 y me dio todo el impulso que necesitaba para dirigirme a WrestleMania&#8221;.<\/p>\n<p>[visual-link-preview encoded=&#8221;eyJ0eXBlIjoiaW50ZXJuYWwiLCJwb3N0IjoxMTIzNDcsInBvc3RfbGFiZWwiOiJQb3N0IDExMjM0NyAtIFRyaXBsZSBIIGFudW5jaWEgbnVldm8gc2hvdyBlbiBlc3R1ZGlvIGRlIFdXRSIsInVybCI6IiIsImltYWdlX2lkIjo2NzMsImltYWdlX3VybCI6Imh0dHBzOi8vd3d3LnByd3Jlc3RsaW5nLmNvbS9udy93cC1jb250ZW50L3VwbG9hZHMvMjAxNC8wNS90cmlwbGUtaC0xNTB4MTUwLmpwZyIsInRpdGxlIjoiVHJpcGxlIEggYW51bmNpYSBudWV2byBzaG93IGVuIGVzdHVkaW8gZGUgV1dFIiwic3VtbWFyeSI6IkVsIHByb2dyYW1hIHNlcsOhIGxvcyBtYXJ0ZXMsIiwidGVtcGxhdGUiOiJ1c2VfZGVmYXVsdF9mcm9tX3NldHRpbmdzIn0=&#8221;]<div id=\"ad-slot\" style=\"min-width: 300px; min-height: 250px;\">\r\n<p style=\"text-align: center;\">\r\n<script async src=\"https:\/\/pagead2.googlesyndication.com\/pagead\/js\/adsbygoogle.js\"><\/script>\r\n<!-- 300x250 sc a -->\r\n<ins class=\"adsbygoogle\"\r\n     style=\"display:inline-block;width:300px;height:250px\"\r\n     data-ad-client=\"ca-pub-1244235910658811\"\r\n     data-ad-slot=\"8592682546\"><\/ins>\r\n<script>\r\n     (adsbygoogle = window.adsbygoogle || []).push({});\r\n<\/script><\/center>\r\n<\/p><\/div><\/p>\n","protected":false},"excerpt":{"rendered":"<p>Seth Rollins habl\u00f3 recientemente con Yahoo para promover el encuentro de WrestleMania 35 del domingo ante el Campe\u00f3n Universal de la WWE Brock Lesnar.<\/p>\n","protected":false},"author":3,"featured_media":109893,"comment_status":"closed","ping_status":"closed","sticky":false,"template":"","format":"standard","meta":{"footnotes":""},"categories":[38],"tags":[],"class_list":{"0":"post-112350","1":"post","2":"type-post","3":"status-publish","4":"format-standard","5":"has-post-thumbnail","7":"category-noticias-y-rumores-de-la-wwe"},"_links":{"self":[{"href":"https:\/\/www.prwrestling.com\/nw\/wp-json\/wp\/v2\/posts\/112350","targetHints":{"allow":["GET"]}}],"collection":[{"href":"https:\/\/www.prwrestling.com\/nw\/wp-json\/wp\/v2\/posts"}],"about":[{"href":"https:\/\/www.prwrestling.com\/nw\/wp-json\/wp\/v2\/types\/post"}],"author":[{"embeddable":true,"href":"https:\/\/www.prwrestling.com\/nw\/wp-json\/wp\/v2\/users\/3"}],"replies":[{"embeddable":true,"href":"https:\/\/www.prwrestling.com\/nw\/wp-json\/wp\/v2\/comments?post=112350"}],"version-history":[{"count":1,"href":"https:\/\/www.prwrestling.com\/nw\/wp-json\/wp\/v2\/posts\/112350\/revisions"}],"predecessor-version":[{"id":112351,"href":"https:\/\/www.prwrestling.com\/nw\/wp-json\/wp\/v2\/posts\/112350\/revisions\/112351"}],"wp:featuredmedia":[{"embeddable":true,"href":"https:\/\/www.prwrestling.com\/nw\/wp-json\/wp\/v2\/media\/109893"}],"wp:attachment":[{"href":"https:\/\/www.prwrestling.com\/nw\/wp-json\/wp\/v2\/media?parent=112350"}],"wp:term":[{"taxonomy":"category","embeddable":true,"href":"https:\/\/www.prwrestling.com\/nw\/wp-json\/wp\/v2\/categories?post=112350"},{"taxonomy":"post_tag","embeddable":true,"href":"https:\/\/www.prwrestling.com\/nw\/wp-json\/wp\/v2\/tags?post=112350"}],"curies":[{"name":"wp","href":"https:\/\/api.w.org\/{rel}","templated":true}]}}