{"id":112379,"date":"2019-04-06T20:09:27","date_gmt":"2019-04-07T00:09:27","guid":{"rendered":"https:\/\/www.prwrestling.com\/nw\/?p=112379"},"modified":"2019-04-06T20:09:27","modified_gmt":"2019-04-07T00:09:27","slug":"niax-jax-explica-por-que-no-sucedio-lucha-ante-ambrose","status":"publish","type":"post","link":"https:\/\/www.prwrestling.com\/nw\/niax-jax-explica-por-que-no-sucedio-lucha-ante-ambrose\/","title":{"rendered":"Niax Jax explica por qu\u00e9 no sucedi\u00f3 lucha ante Ambrose"},"content":{"rendered":"<p>Nia Jax y Dean Ambrose estaban programados para tener una lucha interg\u00e9nero, pero luego fue retirada misteriosamente de las carteleras. <!--more--><div id=\"ad-slot\" style=\"min-width: 300px; min-height: 250px;\">\r\n<p style=\"text-align: center;\">\r\n<script async src=\"https:\/\/pagead2.googlesyndication.com\/pagead\/js\/adsbygoogle.js\"><\/script>\r\n<!-- 300x250 sc a -->\r\n<ins class=\"adsbygoogle\"\r\n     style=\"display:inline-block;width:300px;height:250px\"\r\n     data-ad-client=\"ca-pub-1244235910658811\"\r\n     data-ad-slot=\"8592682546\"><\/ins>\r\n<script>\r\n     (adsbygoogle = window.adsbygoogle || []).push({});\r\n<\/script><\/center>\r\n<\/p><\/div><\/p>\n<p>La lucha, cual curiosamente se confeccion\u00f3 poco despu\u00e9s de saberse que Ambrose se marchar\u00eda de la WWE, se promocion\u00f3 como una atracci\u00f3n especial en varios shows de la empresa, pero no hubo una respuesta oficial de por qu\u00e9 se retir\u00f3, excepto por decir que fue un error.<\/p>\n<p>Ahora Nia Jax trae una raz\u00f3n interesante para explicar por qu\u00e9 se elimin\u00f3 este encuentro. Mientras hablaba con Inside The Ropes, ella dijo que hubo un conflicto con su calendario de filmaci\u00f3n de Total Divas.<center><iframe loading=\"lazy\" src=\"https:\/\/www.youtube.com\/embed\/OrCGJmB3y5k\" width=\"560\" height=\"315\" frameborder=\"0\" allowfullscreen=\"allowfullscreen\"><\/iframe><\/center><br \/>\n&#8220;Desafortunadamente, mi agenda &#8230; no ten\u00edan el itinerario correcto y yo ten\u00eda Total Divas a lo que ten\u00eda que acudir, as\u00ed que yo no estaba disponible y no pudimos hacerla funcionar&#8221;.<div id=\"ad-slot\" style=\"min-width: 300px; min-height: 250px;\">\r\n<p style=\"text-align: center;\">\r\n<script async src=\"https:\/\/pagead2.googlesyndication.com\/pagead\/js\/adsbygoogle.js\"><\/script>\r\n<!-- 300x250 sc a -->\r\n<ins class=\"adsbygoogle\"\r\n     style=\"display:inline-block;width:300px;height:250px\"\r\n     data-ad-client=\"ca-pub-1244235910658811\"\r\n     data-ad-slot=\"8592682546\"><\/ins>\r\n<script>\r\n     (adsbygoogle = window.adsbygoogle || []).push({});\r\n<\/script><\/center>\r\n<\/p><\/div><br \/>\nPreviamente se hab\u00edan regado rumores de que un anunciante se quej\u00f3 con WWE sobre la lucha libre, pero luego no se dijo nada m\u00e1s al respecto.<\/p>\n<p>[visual-link-preview encoded=&#8221;eyJ0eXBlIjoiaW50ZXJuYWwiLCJwb3N0IjoxMTIzNzQsInBvc3RfbGFiZWwiOiJQb3N0IDExMjM3NCAtIENoYXJsb3R0ZSB5IEFuZHJhZGUgaGFjZW4gcHJpbWVyYSBhcGFyaWNpw7NuIGNvbW8gcGFyZWphIiwidXJsIjoiIiwiaW1hZ2VfaWQiOjExMjM3NSwiaW1hZ2VfdXJsIjoiaHR0cHM6Ly93d3cucHJ3cmVzdGxpbmcuY29tL253L3dwLWNvbnRlbnQvdXBsb2Fkcy8yMDE5LzA0L2NoYXJsb3R0ZS5qcGciLCJ0aXRsZSI6IkNoYXJsb3R0ZSB5IEFuZHJhZGUgaGFjZW4gcHJpbWVyYSBhcGFyaWNpw7NuIGNvbW8gcGFyZWphIiwic3VtbWFyeSI6IkxhIHBhcmVqYSBzYWxpw7MgZnJlbnRlIGEgbGFzIGPDoW1hcmFzLiIsInRlbXBsYXRlIjoidXNlX2RlZmF1bHRfZnJvbV9zZXR0aW5ncyJ9&#8243;]<\/p>\n<p>Ambrose luego fue posicionado de nuevo con el Shield, lo que puede indicar que WWE muy bien pudo simplemente haber recapacitado sobre la idea.<div id=\"ad-slot\" style=\"min-width: 300px; min-height: 250px;\">\r\n<p style=\"text-align: center;\">\r\n<script async src=\"https:\/\/pagead2.googlesyndication.com\/pagead\/js\/adsbygoogle.js\"><\/script>\r\n<!-- 300x250 sc a -->\r\n<ins class=\"adsbygoogle\"\r\n     style=\"display:inline-block;width:300px;height:250px\"\r\n     data-ad-client=\"ca-pub-1244235910658811\"\r\n     data-ad-slot=\"8592682546\"><\/ins>\r\n<script>\r\n     (adsbygoogle = window.adsbygoogle || []).push({});\r\n<\/script><\/center>\r\n<\/p><\/div><\/p>\n","protected":false},"excerpt":{"rendered":"<p>Nia Jax y Dean Ambrose estaban programados para tener una lucha interg\u00e9nero, pero luego fue retirada misteriosamente de las carteleras.<\/p>\n","protected":false},"author":3,"featured_media":111110,"comment_status":"closed","ping_status":"closed","sticky":false,"template":"","format":"standard","meta":{"footnotes":""},"categories":[38],"tags":[],"class_list":{"0":"post-112379","1":"post","2":"type-post","3":"status-publish","4":"format-standard","5":"has-post-thumbnail","7":"category-noticias-y-rumores-de-la-wwe"},"_links":{"self":[{"href":"https:\/\/www.prwrestling.com\/nw\/wp-json\/wp\/v2\/posts\/112379","targetHints":{"allow":["GET"]}}],"collection":[{"href":"https:\/\/www.prwrestling.com\/nw\/wp-json\/wp\/v2\/posts"}],"about":[{"href":"https:\/\/www.prwrestling.com\/nw\/wp-json\/wp\/v2\/types\/post"}],"author":[{"embeddable":true,"href":"https:\/\/www.prwrestling.com\/nw\/wp-json\/wp\/v2\/users\/3"}],"replies":[{"embeddable":true,"href":"https:\/\/www.prwrestling.com\/nw\/wp-json\/wp\/v2\/comments?post=112379"}],"version-history":[{"count":1,"href":"https:\/\/www.prwrestling.com\/nw\/wp-json\/wp\/v2\/posts\/112379\/revisions"}],"predecessor-version":[{"id":112380,"href":"https:\/\/www.prwrestling.com\/nw\/wp-json\/wp\/v2\/posts\/112379\/revisions\/112380"}],"wp:featuredmedia":[{"embeddable":true,"href":"https:\/\/www.prwrestling.com\/nw\/wp-json\/wp\/v2\/media\/111110"}],"wp:attachment":[{"href":"https:\/\/www.prwrestling.com\/nw\/wp-json\/wp\/v2\/media?parent=112379"}],"wp:term":[{"taxonomy":"category","embeddable":true,"href":"https:\/\/www.prwrestling.com\/nw\/wp-json\/wp\/v2\/categories?post=112379"},{"taxonomy":"post_tag","embeddable":true,"href":"https:\/\/www.prwrestling.com\/nw\/wp-json\/wp\/v2\/tags?post=112379"}],"curies":[{"name":"wp","href":"https:\/\/api.w.org\/{rel}","templated":true}]}}