{"id":112570,"date":"2019-04-17T07:58:27","date_gmt":"2019-04-17T11:58:27","guid":{"rendered":"https:\/\/www.prwrestling.com\/nw\/?p=112570"},"modified":"2019-04-17T08:05:01","modified_gmt":"2019-04-17T12:05:01","slug":"joe-cambaira-de-marca-mas-sobre-sasha-y-baylay","status":"publish","type":"post","link":"https:\/\/www.prwrestling.com\/nw\/joe-cambaira-de-marca-mas-sobre-sasha-y-baylay\/","title":{"rendered":"Joe cambiar\u00e1 de marca; M\u00e1s sobre Sasha y Bayley"},"content":{"rendered":"<p>Finn Balor lleg\u00f3 anoche a Smackdown junto a su campeonato Intercontinental<!--more-->, y desde ese momento muchos comenzaron a especular sobre el escenario del campe\u00f3n IC y el US, Samoa Joe, militando juntos bajo la misma marca, algo no com\u00fan en la WWE.<div id=\"ad-slot\" style=\"min-width: 300px; min-height: 250px;\">\r\n<p style=\"text-align: center;\">\r\n<script async src=\"https:\/\/pagead2.googlesyndication.com\/pagead\/js\/adsbygoogle.js\"><\/script>\r\n<!-- 300x250 sc a -->\r\n<ins class=\"adsbygoogle\"\r\n     style=\"display:inline-block;width:300px;height:250px\"\r\n     data-ad-client=\"ca-pub-1244235910658811\"\r\n     data-ad-slot=\"8592682546\"><\/ins>\r\n<script>\r\n     (adsbygoogle = window.adsbygoogle || []).push({});\r\n<\/script><\/center>\r\n<\/p><\/div><\/p>\n<p>Hoy se supo que Joe en efecto NO permanecer\u00e1 en Smackdown ya que se esperaba que fuera anunciado para Raw el pasado lunes.<\/p>\n<p>El anuncio no se pudo realizar debido a que el luchador estaba enfermo y no estaba habilitado para hacer presencia frente a los fan\u00e1ticos.<\/p>\n<p>Se espera que se haga el anuncio de Joe en alg\u00fan momento esta semana.<\/p>\n<h2><strong>M\u00e1s sobre la \u201cprotesta\u201d de Sasha y Bayley<\/strong><\/h2>\n<p>Dave Meltzer se\u00f1al\u00f3 en Wrestling Observer Radio que otra cosa que realmente molest\u00f3 tanto a Bayley como a The Boss y caus\u00f3 la situaci\u00f3n del fin de semana de WrestleMania es el hecho de que tambi\u00e9n se les dijo que su pareja se iba a separar en el Superstar Shake-Up de la WWE.<div id=\"ad-slot\" style=\"min-width: 300px; min-height: 250px;\">\r\n<p style=\"text-align: center;\">\r\n<script async src=\"https:\/\/pagead2.googlesyndication.com\/pagead\/js\/adsbygoogle.js\"><\/script>\r\n<!-- 300x250 sc a -->\r\n<ins class=\"adsbygoogle\"\r\n     style=\"display:inline-block;width:300px;height:250px\"\r\n     data-ad-client=\"ca-pub-1244235910658811\"\r\n     data-ad-slot=\"8592682546\"><\/ins>\r\n<script>\r\n     (adsbygoogle = window.adsbygoogle || []).push({});\r\n<\/script><\/center>\r\n<\/p><\/div><\/p>\n<p>&#8220;No solo descubrieron que estaban perdiendo el campeonato sino que el domingo\u00a0 [en WrestleMania] sino que tambi\u00e9n les dijeron que estaban dividiendo el equipo&#8221;.<\/p>\n<p>[visual-link-preview encoded=&#8221;eyJ0eXBlIjoiaW50ZXJuYWwiLCJwb3N0IjoxMTI1NjQsInBvc3RfbGFiZWwiOiJQb3N0IDExMjU2NCAtIFdXRSBhbnVuY2lhIG3DoXMgY2FtYmlvcyBkZSB0YWxlbnRvcyBkZWwgU3VwZXJTdGFyIFNoYWtldXAiLCJ1cmwiOiIiLCJpbWFnZV9pZCI6MTEyNTY4LCJpbWFnZV91cmwiOiJodHRwczovL3d3dy5wcndyZXN0bGluZy5jb20vbncvd3AtY29udGVudC91cGxvYWRzLzIwMTkvMDQvdm1zc2dfVzVTR2RfXzdjZGNjMzAzN2EwMzRlMzJhNTEwZTZiOTRhZTBlNTRhLjAuanBnIiwidGl0bGUiOiJXV0UgYW51bmNpYSBtw6FzIGNhbWJpb3MgZGUgdGFsZW50b3MgZGVsIFN1cGVyU3RhciBTaGFrZXVwIiwic3VtbWFyeSI6IlJpb3R0IFNxdWFkIGVudHJlIGxvcyB0YWxlbnRvcyBhbHRlcmFkb3MuIiwidGVtcGxhdGUiOiJ1c2VfZGVmYXVsdF9mcm9tX3NldHRpbmdzIn0=&#8221;]<\/p>\n<p>Nadie sabe qu\u00e9 est\u00e1 pasando con Sasha Banks porque la compa\u00f1\u00eda le dio un par de semanas libres, pero se dice que est\u00e1 pautada para ver acci\u00f3n en Money In The Bank como informamos anteriormente.<div id=\"ad-slot\" style=\"min-width: 300px; min-height: 250px;\">\r\n<p style=\"text-align: center;\">\r\n<script async src=\"https:\/\/pagead2.googlesyndication.com\/pagead\/js\/adsbygoogle.js\"><\/script>\r\n<!-- 300x250 sc a -->\r\n<ins class=\"adsbygoogle\"\r\n     style=\"display:inline-block;width:300px;height:250px\"\r\n     data-ad-client=\"ca-pub-1244235910658811\"\r\n     data-ad-slot=\"8592682546\"><\/ins>\r\n<script>\r\n     (adsbygoogle = window.adsbygoogle || []).push({});\r\n<\/script><\/center>\r\n<\/p><\/div><\/p>\n","protected":false},"excerpt":{"rendered":"<p>Finn Balor lleg\u00f3 anoche a Smackdown junto a su campeonato Intercontinental<\/p>\n","protected":false},"author":3,"featured_media":13393,"comment_status":"closed","ping_status":"closed","sticky":false,"template":"","format":"standard","meta":{"footnotes":""},"categories":[38],"tags":[],"class_list":{"0":"post-112570","1":"post","2":"type-post","3":"status-publish","4":"format-standard","5":"has-post-thumbnail","7":"category-noticias-y-rumores-de-la-wwe"},"_links":{"self":[{"href":"https:\/\/www.prwrestling.com\/nw\/wp-json\/wp\/v2\/posts\/112570","targetHints":{"allow":["GET"]}}],"collection":[{"href":"https:\/\/www.prwrestling.com\/nw\/wp-json\/wp\/v2\/posts"}],"about":[{"href":"https:\/\/www.prwrestling.com\/nw\/wp-json\/wp\/v2\/types\/post"}],"author":[{"embeddable":true,"href":"https:\/\/www.prwrestling.com\/nw\/wp-json\/wp\/v2\/users\/3"}],"replies":[{"embeddable":true,"href":"https:\/\/www.prwrestling.com\/nw\/wp-json\/wp\/v2\/comments?post=112570"}],"version-history":[{"count":3,"href":"https:\/\/www.prwrestling.com\/nw\/wp-json\/wp\/v2\/posts\/112570\/revisions"}],"predecessor-version":[{"id":112573,"href":"https:\/\/www.prwrestling.com\/nw\/wp-json\/wp\/v2\/posts\/112570\/revisions\/112573"}],"wp:featuredmedia":[{"embeddable":true,"href":"https:\/\/www.prwrestling.com\/nw\/wp-json\/wp\/v2\/media\/13393"}],"wp:attachment":[{"href":"https:\/\/www.prwrestling.com\/nw\/wp-json\/wp\/v2\/media?parent=112570"}],"wp:term":[{"taxonomy":"category","embeddable":true,"href":"https:\/\/www.prwrestling.com\/nw\/wp-json\/wp\/v2\/categories?post=112570"},{"taxonomy":"post_tag","embeddable":true,"href":"https:\/\/www.prwrestling.com\/nw\/wp-json\/wp\/v2\/tags?post=112570"}],"curies":[{"name":"wp","href":"https:\/\/api.w.org\/{rel}","templated":true}]}}