{"id":112665,"date":"2019-04-23T12:07:35","date_gmt":"2019-04-23T16:07:35","guid":{"rendered":"https:\/\/www.prwrestling.com\/nw\/?p=112665"},"modified":"2019-04-23T12:07:35","modified_gmt":"2019-04-23T16:07:35","slug":"oficial-wwe-anuncia-regreso-a-puerto-rico","status":"publish","type":"post","link":"https:\/\/www.prwrestling.com\/nw\/oficial-wwe-anuncia-regreso-a-puerto-rico\/","title":{"rendered":"Oficial: WWE anuncia regreso a Puerto Rico"},"content":{"rendered":"<p>Hoy se anunci\u00f3 de manera oficial el regreso de la WWE a Puerto Rico a celebrarse el s\u00e1bado, 26 de octubre en el Coliseo de Puerto Rico, Jos\u00e9 Miguel Agrelot.<!--more--><!-- Shortcode [b] does not exist --><br \/>\nLa marca anunciada a ver acci\u00f3n es Raw, con Seth Rollins, AJ Styles, Braun Strowman, Alexa Bliss y The Miz como las figuras principales.<\/p>\n<p>Andrade, Zelina Vega y Alliester Black son parte del gr\u00e1fico promocional, pero debido a los cambios de marca de esta semana hay que ver si continuar\u00e1n siendo promocionados para el evento.<\/p>\n<p><center><iframe loading=\"lazy\" style=\"border: none; overflow: hidden;\" src=\"https:\/\/www.facebook.com\/plugins\/post.php?href=https%3A%2F%2Fwww.facebook.com%2Fmoveconcertspuertorico%2Fposts%2F2219927508259848&amp;width=500\" width=\"500\" height=\"683\" frameborder=\"0\" scrolling=\"no\"><\/iframe><\/center><br \/>\n<!-- Shortcode [b] does not exist --><br \/>\nLa visita de la WWE se comenz\u00f3 a conocer de manera no oficial desde el pasado mes de marzo cuando WWE revel\u00f3 como parte de una acci\u00f3n legal todos los eventos planificados durante el resto del a\u00f1o y hasta 2020, cual inclu\u00eda la fecha en San Juan.<\/p>\n<p>[visual-link-preview encoded=&#8221;eyJ0eXBlIjoiaW50ZXJuYWwiLCJwb3N0IjoxMTI2NTgsInBvc3RfbGFiZWwiOiJQb3N0IDExMjY1OCAtIFJlcG9ydGUgV1dFIFJhdyA0LzIyIiwidXJsIjoiIiwiaW1hZ2VfaWQiOjExMjY1OSwiaW1hZ2VfdXJsIjoiaHR0cHM6Ly93d3cucHJ3cmVzdGxpbmcuY29tL253L3dwLWNvbnRlbnQvdXBsb2Fkcy8yMDE5LzA0L2JyYXktd3lhdHQuanBnIiwidGl0bGUiOiJSZXBvcnRlIFdXRSBSYXcgNC8yMiIsInN1bW1hcnkiOiJCcmF5IFd5YXR0IHRpZW5lIG51ZXZhIHBlcnNvbmEuLi4iLCJ0ZW1wbGF0ZSI6InVzZV9kZWZhdWx0X2Zyb21fc2V0dGluZ3MifQ==&#8221;]<\/p>\n<p>Esta ser\u00eda la primera visita de la empresa a la Isla desde que la marca Smackdown se present\u00f3 en el Coliseo el 8 de junio de 2017. Randy Orton vs Jinder Mahal fue la lucha estelar de ese show.<!-- Shortcode [b] does not exist --><\/p>\n","protected":false},"excerpt":{"rendered":"<p>Hoy se anunci\u00f3 de manera oficial el regreso de la WWE a Puerto Rico a celebrarse el s\u00e1bado, 26 de octubre en el Coliseo de Puerto Rico, Jos\u00e9 Miguel Agrelot.<\/p>\n","protected":false},"author":3,"featured_media":8927,"comment_status":"closed","ping_status":"closed","sticky":false,"template":"","format":"standard","meta":{"footnotes":""},"categories":[38],"tags":[],"class_list":{"0":"post-112665","1":"post","2":"type-post","3":"status-publish","4":"format-standard","5":"has-post-thumbnail","7":"category-noticias-y-rumores-de-la-wwe"},"_links":{"self":[{"href":"https:\/\/www.prwrestling.com\/nw\/wp-json\/wp\/v2\/posts\/112665","targetHints":{"allow":["GET"]}}],"collection":[{"href":"https:\/\/www.prwrestling.com\/nw\/wp-json\/wp\/v2\/posts"}],"about":[{"href":"https:\/\/www.prwrestling.com\/nw\/wp-json\/wp\/v2\/types\/post"}],"author":[{"embeddable":true,"href":"https:\/\/www.prwrestling.com\/nw\/wp-json\/wp\/v2\/users\/3"}],"replies":[{"embeddable":true,"href":"https:\/\/www.prwrestling.com\/nw\/wp-json\/wp\/v2\/comments?post=112665"}],"version-history":[{"count":1,"href":"https:\/\/www.prwrestling.com\/nw\/wp-json\/wp\/v2\/posts\/112665\/revisions"}],"predecessor-version":[{"id":112666,"href":"https:\/\/www.prwrestling.com\/nw\/wp-json\/wp\/v2\/posts\/112665\/revisions\/112666"}],"wp:featuredmedia":[{"embeddable":true,"href":"https:\/\/www.prwrestling.com\/nw\/wp-json\/wp\/v2\/media\/8927"}],"wp:attachment":[{"href":"https:\/\/www.prwrestling.com\/nw\/wp-json\/wp\/v2\/media?parent=112665"}],"wp:term":[{"taxonomy":"category","embeddable":true,"href":"https:\/\/www.prwrestling.com\/nw\/wp-json\/wp\/v2\/categories?post=112665"},{"taxonomy":"post_tag","embeddable":true,"href":"https:\/\/www.prwrestling.com\/nw\/wp-json\/wp\/v2\/tags?post=112665"}],"curies":[{"name":"wp","href":"https:\/\/api.w.org\/{rel}","templated":true}]}}