{"id":112694,"date":"2019-04-25T22:11:34","date_gmt":"2019-04-26T02:11:34","guid":{"rendered":"https:\/\/www.prwrestling.com\/nw\/?p=112694"},"modified":"2019-04-25T22:11:34","modified_gmt":"2019-04-26T02:11:34","slug":"crecen-las-posibilidades-de-una-tercera-hora-de-smackdown","status":"publish","type":"post","link":"https:\/\/www.prwrestling.com\/nw\/crecen-las-posibilidades-de-una-tercera-hora-de-smackdown\/","title":{"rendered":"Crecen las posibilidades de una tercera hora de Smackdown"},"content":{"rendered":"<p>Es posible que haya m\u00e1s cambios en la programaci\u00f3n de WWE este oto\u00f1o una vez que SmackDown pase a las noches del viernes en FOX a partir del 4 de octubre.<!--more--><!-- Shortcode [b] does not exist --><\/p>\n<p>Durante la llamada de las ganancias de la WWE en el tercer trimestre de hoy, se le pregunt\u00f3 al copresidente de la WWE, George Barrios, sobre la direcci\u00f3n que tomar\u00edan con SmackDown.<\/p>\n<p>Barrios declar\u00f3 que la compa\u00f1\u00eda ha estado acostumbrada a monetizar seis horas de contenido durante mucho tiempo, sin embargo, ahora la sexta hora se usa en el Network (probablemente en referencia a 205 Live).<\/p>\n<p>Dijo que en los pr\u00f3ximos meses decidir\u00e1n c\u00f3mo usar la sexta hora, lo que podr\u00eda significar una tercera hora de SmackDown.<\/p>\n<p>&#8220;Hemos estado monetizando de alguna manera, formando o formando seis horas de contenido durante mucho tiempo&#8221;, dijo Barrios.<\/p>\n<p>&#8220;Hoy, esa sexta hora se est\u00e1 utilizando principalmente en el Network y lo resolveremos en los pr\u00f3ximos meses, como creemos que es el mejor uso, nada que actualizar ahora&#8221;.<!-- Shortcode [b] does not exist --><\/p>\n<p>Ha habido rumores de SmackDown movi\u00e9ndose a tres horas cuando se mueve a FOX, con las dos primeras horas en el FOX Network y la tercera en FS1.<\/p>\n<p>[visual-link-preview encoded=&#8221;eyJ0eXBlIjoiaW50ZXJuYWwiLCJwb3N0IjoxMTI2ODcsInBvc3RfbGFiZWwiOiJQb3N0IDExMjY4NyAtIFJlcG9ydGU6IERlYW4gTWFsZW5rbyBzZSBtYXJjaGEgZGUgV1dFIiwidXJsIjoiIiwiaW1hZ2VfaWQiOjExMjY4OCwiaW1hZ2VfdXJsIjoiaHR0cHM6Ly93d3cucHJ3cmVzdGxpbmcuY29tL253L3dwLWNvbnRlbnQvdXBsb2Fkcy8yMDE5LzA0L0RlYW5NYWxlbmtvLmpwZyIsInRpdGxlIjoiUmVwb3J0ZTogRGVhbiBNYWxlbmtvIHNlIG1hcmNoYSBkZSBXV0UiLCJzdW1tYXJ5Ijoiwr9SdW1ibyBhIEFFVz8iLCJ0ZW1wbGF0ZSI6InVzZV9kZWZhdWx0X2Zyb21fc2V0dGluZ3MifQ==&#8221;]<\/p>\n<p>El programa no podr\u00eda estar s\u00f3lo tres horas corridas en FOX debido a los conflictos de programaci\u00f3n con las noticias locales.<!-- Shortcode [b] does not exist --><\/p>\n","protected":false},"excerpt":{"rendered":"<p>Es posible que haya m\u00e1s cambios en la programaci\u00f3n de WWE este oto\u00f1o una vez que SmackDown pase a las noches del viernes en FOX a partir del 4 de octubre.<\/p>\n","protected":false},"author":3,"featured_media":9768,"comment_status":"closed","ping_status":"closed","sticky":false,"template":"","format":"standard","meta":{"footnotes":""},"categories":[38],"tags":[],"class_list":{"0":"post-112694","1":"post","2":"type-post","3":"status-publish","4":"format-standard","5":"has-post-thumbnail","7":"category-noticias-y-rumores-de-la-wwe"},"_links":{"self":[{"href":"https:\/\/www.prwrestling.com\/nw\/wp-json\/wp\/v2\/posts\/112694","targetHints":{"allow":["GET"]}}],"collection":[{"href":"https:\/\/www.prwrestling.com\/nw\/wp-json\/wp\/v2\/posts"}],"about":[{"href":"https:\/\/www.prwrestling.com\/nw\/wp-json\/wp\/v2\/types\/post"}],"author":[{"embeddable":true,"href":"https:\/\/www.prwrestling.com\/nw\/wp-json\/wp\/v2\/users\/3"}],"replies":[{"embeddable":true,"href":"https:\/\/www.prwrestling.com\/nw\/wp-json\/wp\/v2\/comments?post=112694"}],"version-history":[{"count":1,"href":"https:\/\/www.prwrestling.com\/nw\/wp-json\/wp\/v2\/posts\/112694\/revisions"}],"predecessor-version":[{"id":112695,"href":"https:\/\/www.prwrestling.com\/nw\/wp-json\/wp\/v2\/posts\/112694\/revisions\/112695"}],"wp:featuredmedia":[{"embeddable":true,"href":"https:\/\/www.prwrestling.com\/nw\/wp-json\/wp\/v2\/media\/9768"}],"wp:attachment":[{"href":"https:\/\/www.prwrestling.com\/nw\/wp-json\/wp\/v2\/media?parent=112694"}],"wp:term":[{"taxonomy":"category","embeddable":true,"href":"https:\/\/www.prwrestling.com\/nw\/wp-json\/wp\/v2\/categories?post=112694"},{"taxonomy":"post_tag","embeddable":true,"href":"https:\/\/www.prwrestling.com\/nw\/wp-json\/wp\/v2\/tags?post=112694"}],"curies":[{"name":"wp","href":"https:\/\/api.w.org\/{rel}","templated":true}]}}