{"id":11411,"date":"2017-01-21T08:43:24","date_gmt":"2017-01-21T13:43:24","guid":{"rendered":"http:\/\/prwrestling.com\/nw\/?p=11411"},"modified":"2017-01-21T08:43:24","modified_gmt":"2017-01-21T13:43:24","slug":"resultados-encuesta-que-opinas-del-sindicato-en-wwc","status":"publish","type":"post","link":"https:\/\/www.prwrestling.com\/nw\/resultados-encuesta-que-opinas-del-sindicato-en-wwc\/","title":{"rendered":"RESULTADOS ENCUESTA: \u00bfQUE OPINAS DEL &#8220;SINDICATO&#8221; EN WWC?"},"content":{"rendered":"<p style=\"text-align: center;\"><a href=\"http:\/\/prwrestling.com\/nw\/wp-content\/uploads\/2017\/01\/ray-gonzalez-sindicato.jpg\" target=\"_blank\" rel=\"noopener\"><img data-dominant-color=\"73665c\" data-has-transparency=\"false\" style=\"--dominant-color: #73665c;\" loading=\"lazy\" decoding=\"async\" class=\"wp-image-11412 aligncenter not-transparent\" alt=\"ray-gonzalez-sindicato\" src=\"http:\/\/prwrestling.com\/nw\/wp-content\/uploads\/2017\/01\/ray-gonzalez-sindicato.jpg\" width=\"506\" height=\"306\" srcset=\"https:\/\/www.prwrestling.com\/nw\/wp-content\/uploads\/2017\/01\/ray-gonzalez-sindicato.jpg 632w, https:\/\/www.prwrestling.com\/nw\/wp-content\/uploads\/2017\/01\/ray-gonzalez-sindicato-300x182.jpg 300w, https:\/\/www.prwrestling.com\/nw\/wp-content\/uploads\/2017\/01\/ray-gonzalez-sindicato-150x91.jpg 150w, https:\/\/www.prwrestling.com\/nw\/wp-content\/uploads\/2017\/01\/ray-gonzalez-sindicato-450x273.jpg 450w\" sizes=\"auto, (max-width: 506px) 100vw, 506px\" \/><\/a><\/p>\n<p>As\u00ed votaron en la m\u00e1s reciente encuesta:<\/p>\n<p><strong>\u00bfQu\u00e9 opinas del cambio de personalidad de Ray Gonzalez y su nuevo grupo El Sindicato?<!--more--><\/strong><\/p>\n<p><strong>Me gusta (478) 69%<\/strong><\/p>\n<p><strong>Me dio igual (131) 19%<\/strong><\/p>\n<p><strong>No me gusta (81) 12%<\/strong><\/p>\n<p style=\"text-align: center;\"><strong>Opina abajo!<\/strong><br \/>\n<script type=\"text\/javascript\" src=\"\/\/pagead2.googlesyndication.com\/pagead\/js\/adsbygoogle.js\" async=\"\"><\/script><!-- 300x250, abajo de reportaje --> <ins class=\"adsbygoogle\" style=\"display: inline-block; width: 300px; height: 250px;\" data-ad-client=\"ca-pub-1244235910658811\" data-ad-slot=\"2438031264\"><\/ins><script type=\"text\/javascript\">\/\/ <![CDATA[\n(adsbygoogle = window.adsbygoogle || []).push({});\n\/\/ ]]><\/script><\/p>\n<p>Comentario de McGyver: Buen arranque para el grupo y esperemos a ver c\u00f3mo se desarrolla. Me gustar\u00eda ver alg\u00fan tipo de distinci\u00f3n entre los miembros de la Revoluci\u00f3n para ir d\u00e1ndoles personalidades m\u00e1s \u00fanicas y aprovechar esta asociaci\u00f3n para crear nuevas estrellas. Lo mismo con Mike Mendoza.<\/p>\n","protected":false},"excerpt":{"rendered":"<p>As\u00ed votaron en la m\u00e1s reciente encuesta: \u00bfQu\u00e9 opinas del cambio de personalidad de Ray Gonzalez y su nuevo grupo El Sindicato?<\/p>\n","protected":false},"author":3,"featured_media":11412,"comment_status":"closed","ping_status":"closed","sticky":false,"template":"","format":"standard","meta":{"footnotes":""},"categories":[5],"tags":[],"class_list":{"0":"post-11411","1":"post","2":"type-post","3":"status-publish","4":"format-standard","5":"has-post-thumbnail","7":"category-noticias"},"_links":{"self":[{"href":"https:\/\/www.prwrestling.com\/nw\/wp-json\/wp\/v2\/posts\/11411","targetHints":{"allow":["GET"]}}],"collection":[{"href":"https:\/\/www.prwrestling.com\/nw\/wp-json\/wp\/v2\/posts"}],"about":[{"href":"https:\/\/www.prwrestling.com\/nw\/wp-json\/wp\/v2\/types\/post"}],"author":[{"embeddable":true,"href":"https:\/\/www.prwrestling.com\/nw\/wp-json\/wp\/v2\/users\/3"}],"replies":[{"embeddable":true,"href":"https:\/\/www.prwrestling.com\/nw\/wp-json\/wp\/v2\/comments?post=11411"}],"version-history":[{"count":1,"href":"https:\/\/www.prwrestling.com\/nw\/wp-json\/wp\/v2\/posts\/11411\/revisions"}],"predecessor-version":[{"id":11413,"href":"https:\/\/www.prwrestling.com\/nw\/wp-json\/wp\/v2\/posts\/11411\/revisions\/11413"}],"wp:featuredmedia":[{"embeddable":true,"href":"https:\/\/www.prwrestling.com\/nw\/wp-json\/wp\/v2\/media\/11412"}],"wp:attachment":[{"href":"https:\/\/www.prwrestling.com\/nw\/wp-json\/wp\/v2\/media?parent=11411"}],"wp:term":[{"taxonomy":"category","embeddable":true,"href":"https:\/\/www.prwrestling.com\/nw\/wp-json\/wp\/v2\/categories?post=11411"},{"taxonomy":"post_tag","embeddable":true,"href":"https:\/\/www.prwrestling.com\/nw\/wp-json\/wp\/v2\/tags?post=11411"}],"curies":[{"name":"wp","href":"https:\/\/api.w.org\/{rel}","templated":true}]}}