{"id":114477,"date":"2019-05-31T15:12:57","date_gmt":"2019-05-31T19:12:57","guid":{"rendered":"https:\/\/www.prwrestling.com\/nw\/?p=114477"},"modified":"2019-05-31T15:12:57","modified_gmt":"2019-05-31T19:12:57","slug":"flair-molesto-con-michaels-por-comentarios-sobre-su-persona","status":"publish","type":"post","link":"https:\/\/www.prwrestling.com\/nw\/flair-molesto-con-michaels-por-comentarios-sobre-su-persona\/","title":{"rendered":"Flair molesto con Michaels por comentarios sobre su persona"},"content":{"rendered":"<p>El miembro del Sal\u00f3n de la Fama de la WWE, Ric Flair, lanz\u00f3 dos videos de YouTube esta semana para actualizar a los fan\u00e1ticos sobre c\u00f3mo le est\u00e1 yendo despu\u00e9s de su reciente cirug\u00eda de coraz\u00f3n. <!--more--><div id=\"ad-slot\" style=\"min-width: 300px; min-height: 250px;\">\r\n<p style=\"text-align: center;\">\r\n<script async src=\"https:\/\/pagead2.googlesyndication.com\/pagead\/js\/adsbygoogle.js\"><\/script>\r\n<!-- 300x250 sc a -->\r\n<ins class=\"adsbygoogle\"\r\n     style=\"display:inline-block;width:300px;height:250px\"\r\n     data-ad-client=\"ca-pub-1244235910658811\"\r\n     data-ad-slot=\"8592682546\"><\/ins>\r\n<script>\r\n     (adsbygoogle = window.adsbygoogle || []).push({});\r\n<\/script><\/center>\r\n<\/p><\/div><br \/>\nDurante su mensaje, Flair revel\u00f3 que su reciente susto cost\u00f3 $ 1.8 millones. Not\u00f3 que ten\u00eda seguro, pero tuvo que pagar mucho de su bolsillo. Tambi\u00e9n dijo que est\u00e1 listo para seguir adelante.<\/p>\n<p>The Nature Boy tambi\u00e9n habl\u00f3 sobre amigos suyos que estuvieron a su lado mientras \u00e9l ha estado lidiando con problemas de salud. Luego, Flair abord\u00f3 los comentarios hechos por Shawn Michaels durante el especial de ESPN 30 For 30 en lo que parece ser una molestia que tenia desde hace un tiempo.<\/p>\n<p>&#8220;Ric no ama a Richard Fliehr&#8221;, dijo Michaels. &#8220;No s\u00e9 si alguna vez se tom\u00f3 el tiempo de conocerlo o de descubrir qui\u00e9n es el mundo&#8221;.<\/p>\n<p>Flair respondi\u00f3 y dijo que Michaels no est\u00e1 en posici\u00f3n de juzgarlo.<\/p>\n<p><center><iframe loading=\"lazy\" src=\"https:\/\/www.youtube.com\/embed\/mNWZgAzR-MM\" width=\"560\" height=\"315\" frameborder=\"0\" allowfullscreen=\"allowfullscreen\"><\/iframe><\/center><br \/>\n&#8220;Shawn Michaels, lo siento &#8230; no est\u00e1s en posici\u00f3n de juzgarme, amigo. Dici\u00e9ndome que nunca sabr\u00e9 qui\u00e9n es Richard Fliehr. \u00bfCrees que lo sabr\u00e9 alguna vez? No s\u00e9 Richard Fliehr, como dije antes, era un ni\u00f1o irresponsable que fue bendecido con los mejores padres del mundo, hizo todo mal y, por cierto, \u00bfqui\u00e9n eres t\u00fa para juzgarme? Quiero decir, \u00bfde verdad? Vamos, hombre, hablemos en serio. Has abierto la puerta y te la devuelvo.<br \/>\n<!-- Shortcode [b] does not exist --><br \/>\n&#8220;\u00bfQui\u00e9n eres t\u00fa para juzgarme, est\u00e1s bromeando? Me has idolatrado y de repente todo desprecio, \u00bfpara qu\u00e9?&#8221;, dijo Flair.<\/p>\n<p>Flair est\u00e1 programado para hacer su primera aparici\u00f3n p\u00fablica despu\u00e9s de la cirug\u00eda para SCWPro en su evento &#8220;To Be The Man&#8221; en East Moline, Illinois, esta noche.<\/p>\n","protected":false},"excerpt":{"rendered":"<p>El miembro del Sal\u00f3n de la Fama de la WWE, Ric Flair, lanz\u00f3 dos videos de YouTube esta semana para actualizar a los fan\u00e1ticos sobre c\u00f3mo le est\u00e1 yendo despu\u00e9s de su reciente cirug\u00eda de coraz\u00f3n.<\/p>\n","protected":false},"author":3,"featured_media":109555,"comment_status":"open","ping_status":"closed","sticky":false,"template":"","format":"standard","meta":{"footnotes":""},"categories":[5,38],"tags":[1379],"class_list":{"0":"post-114477","1":"post","2":"type-post","3":"status-publish","4":"format-standard","5":"has-post-thumbnail","7":"category-noticias","8":"category-noticias-y-rumores-de-la-wwe","9":"tag-ric-flair"},"_links":{"self":[{"href":"https:\/\/www.prwrestling.com\/nw\/wp-json\/wp\/v2\/posts\/114477","targetHints":{"allow":["GET"]}}],"collection":[{"href":"https:\/\/www.prwrestling.com\/nw\/wp-json\/wp\/v2\/posts"}],"about":[{"href":"https:\/\/www.prwrestling.com\/nw\/wp-json\/wp\/v2\/types\/post"}],"author":[{"embeddable":true,"href":"https:\/\/www.prwrestling.com\/nw\/wp-json\/wp\/v2\/users\/3"}],"replies":[{"embeddable":true,"href":"https:\/\/www.prwrestling.com\/nw\/wp-json\/wp\/v2\/comments?post=114477"}],"version-history":[{"count":1,"href":"https:\/\/www.prwrestling.com\/nw\/wp-json\/wp\/v2\/posts\/114477\/revisions"}],"predecessor-version":[{"id":114478,"href":"https:\/\/www.prwrestling.com\/nw\/wp-json\/wp\/v2\/posts\/114477\/revisions\/114478"}],"wp:featuredmedia":[{"embeddable":true,"href":"https:\/\/www.prwrestling.com\/nw\/wp-json\/wp\/v2\/media\/109555"}],"wp:attachment":[{"href":"https:\/\/www.prwrestling.com\/nw\/wp-json\/wp\/v2\/media?parent=114477"}],"wp:term":[{"taxonomy":"category","embeddable":true,"href":"https:\/\/www.prwrestling.com\/nw\/wp-json\/wp\/v2\/categories?post=114477"},{"taxonomy":"post_tag","embeddable":true,"href":"https:\/\/www.prwrestling.com\/nw\/wp-json\/wp\/v2\/tags?post=114477"}],"curies":[{"name":"wp","href":"https:\/\/api.w.org\/{rel}","templated":true}]}}