{"id":114485,"date":"2019-05-31T23:43:08","date_gmt":"2019-06-01T03:43:08","guid":{"rendered":"https:\/\/www.prwrestling.com\/nw\/?p=114485"},"modified":"2019-05-31T23:43:08","modified_gmt":"2019-06-01T03:43:08","slug":"jericho-no-descarta-regreso-de-punk-a-la-lucha-libre","status":"publish","type":"post","link":"https:\/\/www.prwrestling.com\/nw\/jericho-no-descarta-regreso-de-punk-a-la-lucha-libre\/","title":{"rendered":"Jericho no descarta regreso de Punk a la lucha libre"},"content":{"rendered":"<p>Chris Jericho habl\u00f3 recientemente con ESPN sobre el futuro de CM Punk en la lucha libre y su hay posibilidad de verlo en AEW.<!--more--><!-- Shortcode [b] does not exist --><br \/>\nJericho dijo que no est\u00e1 seguro si Punk volver\u00e1 alguna vez a la lucha profesional, pero no descartar\u00eda AEW si Punk regresa.<\/p>\n<p>&#8220;Si \u00e9l quiere volver a la lucha, tendr\u00eda que ser por las razones correctas, tanto en para \u00e9l como para AEW&#8221;, dijo Jericho. &#8220;CM Punk es un individuo \u00fanico. \u00bfPodr\u00edamos usarlo? Por supuesto que podemos. \u00bfPodr\u00edamos usarlo WWE? Por supuesto que s\u00ed.<\/p>\n<p>&#8220;Todo depende de lo que Punk quiera hacer y de cu\u00e1l sea su actitud y si regresa. Porque ahora es un mundo nuevo. No es un mundo negativo, es un mundo positivo, especialmente en AEW.<\/p>\n<p><center><iframe loading=\"lazy\" src=\"https:\/\/www.youtube.com\/embed\/g4XSnTRIzeM\" width=\"560\" height=\"315\" frameborder=\"0\" allowfullscreen=\"allowfullscreen\"><\/iframe><\/center><br \/>\n&#8220;Como dije, si \u00e9l quiere entrar, probablemente lo recibir\u00e1n con los brazos abiertos. Pero creo que tendr\u00eda que probarse a s\u00ed mismo porque lo conozco. Es un competidor.<br \/>\n<div id=\"ad-slot\" style=\"min-width: 300px; min-height: 250px;\">\r\n<p style=\"text-align: center;\">\r\n<!-- Site name: prwrestling.com\r\nZone name: prwrestling.com_banner_300x250\r\nZone id: 2109741734\r\nType: banner\r\nFormat: 300x250\r\n --> \r\n\r\n<!-- Copy and paste this code on the page. -->\r\n<div id='zone_2109741734' ><\/div>\r\n<script>\r\n    (function(w,d,o,g,r,a,m){\r\n        var cid='zone_2109741734';\r\n        w[r]=w[r]||function(){(w[r+'l']=w[r+'l']||[]).push(arguments)};\r\n        function e(b,w,r){if((w[r+'h']=b.pop())&&!w.ABN){\r\n            var a=d.createElement(o),p=d.getElementsByTagName(o)[0];a.async=1;\r\n            a.src='https:\/\/cdn.'+w[r+'h']+'\/libs\/e.js';a.onerror=function(){e(g,w,r)};\r\n            p.parentNode.insertBefore(a,p)}}e(g,w,r);\r\n        w[r](cid,{id:2109741734,domain:w[r+'h']});\r\n    })(window,document,'script',['traffmovie.com'],'ABNS');\r\n<\/script>\r\n\r\n<!--\r\nWhen setting the zone code, make sure:\r\n  - you have provided all domains from which the area code will be called\r\n  - the site does not limit the loading in the Content Security Policy\r\n  - the area code is installed in the ad space inside the page\r\n  - site layout allows you to display the banner on mobile devices in full size\r\nUse data-cp1={customParam1} data-cp2={customParam2}... attributes for sending custom params\r\n-->\r\n<\/p><\/div><br \/>\n\u201cNo regresar\u00e1 solo por un cheque solo por ser famoso. Si \u00e9l regresa, es porque quiere estar aqu\u00ed, quiere luchar y quiere probar algo. Y si no se siente as\u00ed, no viene. Creo que la \u00fanica persona que puede responder a esa pregunta es CM Punk,&#8221; dijo.<\/p>\n<p style=\"text-align: center;\"><span style=\"color: #000080;\"><strong>\u00bfCrees que Punk llegar\u00e1 a AEW? Comenta abajo!<\/strong><\/span><\/p>\n","protected":false},"excerpt":{"rendered":"<p>Chris Jericho habl\u00f3 recientemente con ESPN sobre el futuro de CM Punk en la lucha libre y su hay posibilidad de verlo en AEW.<\/p>\n","protected":false},"author":3,"featured_media":108134,"comment_status":"open","ping_status":"closed","sticky":false,"template":"","format":"standard","meta":{"footnotes":""},"categories":[5,1],"tags":[1383,31],"class_list":["post-114485","post","type-post","status-publish","format-standard","has-post-thumbnail","category-noticias","category-all-elite-wrestling","tag-chris-jericho","tag-cm-punk"],"_links":{"self":[{"href":"https:\/\/www.prwrestling.com\/nw\/wp-json\/wp\/v2\/posts\/114485","targetHints":{"allow":["GET"]}}],"collection":[{"href":"https:\/\/www.prwrestling.com\/nw\/wp-json\/wp\/v2\/posts"}],"about":[{"href":"https:\/\/www.prwrestling.com\/nw\/wp-json\/wp\/v2\/types\/post"}],"author":[{"embeddable":true,"href":"https:\/\/www.prwrestling.com\/nw\/wp-json\/wp\/v2\/users\/3"}],"replies":[{"embeddable":true,"href":"https:\/\/www.prwrestling.com\/nw\/wp-json\/wp\/v2\/comments?post=114485"}],"version-history":[{"count":1,"href":"https:\/\/www.prwrestling.com\/nw\/wp-json\/wp\/v2\/posts\/114485\/revisions"}],"predecessor-version":[{"id":114486,"href":"https:\/\/www.prwrestling.com\/nw\/wp-json\/wp\/v2\/posts\/114485\/revisions\/114486"}],"wp:featuredmedia":[{"embeddable":true,"href":"https:\/\/www.prwrestling.com\/nw\/wp-json\/wp\/v2\/media\/108134"}],"wp:attachment":[{"href":"https:\/\/www.prwrestling.com\/nw\/wp-json\/wp\/v2\/media?parent=114485"}],"wp:term":[{"taxonomy":"category","embeddable":true,"href":"https:\/\/www.prwrestling.com\/nw\/wp-json\/wp\/v2\/categories?post=114485"},{"taxonomy":"post_tag","embeddable":true,"href":"https:\/\/www.prwrestling.com\/nw\/wp-json\/wp\/v2\/tags?post=114485"}],"curies":[{"name":"wp","href":"https:\/\/api.w.org\/{rel}","templated":true}]}}