{"id":114535,"date":"2019-06-03T17:10:29","date_gmt":"2019-06-03T21:10:29","guid":{"rendered":"https:\/\/www.prwrestling.com\/nw\/?p=114535"},"modified":"2019-06-03T17:10:29","modified_gmt":"2019-06-03T21:10:29","slug":"rumores-sobre-los-proximos-en-ser-elevados-de-nxt-a-wwe","status":"publish","type":"post","link":"https:\/\/www.prwrestling.com\/nw\/rumores-sobre-los-proximos-en-ser-elevados-de-nxt-a-wwe\/","title":{"rendered":"Rumores sobre los proximos en ser elevados de NXT a WWE"},"content":{"rendered":"<p>De acuerdo con Dave Meltzer en Wrestling Observer Radio, se sigue hablando de dos talentos de NXT quienes pueden integrarse a los rosters principales de WWE pronto.<!--more--><!-- Shortcode [b] does not exist --><br \/>\nEl campeon de <a href=\"http:\/\/nxt.wwe.com\" target=\"_blank\" rel=\"noopener\">NXT<\/a>, Adam Cole, y de la campeona femenina Shayna Baszler son los nombres que m\u00e1s suenan para la llamada. A\u00fan no se sabe cu\u00e1ndo pueden ocurrir las movidas, pero Meltzer not\u00f3 que Baszler &#8220;se supone que debe estar preparada&#8221; para una llamada y tiene todo lo que est\u00e1 buscando, desde su edad hasta su aspecto y su aura.<\/p>\n<p>Cole gan\u00f3 el t\u00edtulo de Johnny Gargano en el evento &#8220;Takeover: XXV&#8221; de NXT del s\u00e1bado, mientras que Baszler retuvo su t\u00edtulo sobre Io Shirai.<\/p>\n<h2>Hayes felicita a NXT<\/h2>\n<p>El miembro del Sal\u00f3n de la Fama de la WWE, Michael &#8220;PS&#8221;, Hayes se expreso en Twitter despu\u00e9s del evento de NXT y felicit\u00f3 a las estrellas de la marca negra y amarilla.<!-- Shortcode [b] does not exist --><br \/>\n&#8220;He estado en todos los Takeovers, excepto la de Londres, y SIEMPRE, cuando estoy mirando y cuando me voy, tengo la misma sensaci\u00f3n &#8230; &#8216;\u00a1\u00a1\u00a1Es por eso que me enamor\u00e9 de este NEGOCIO !! Sin embargo, \u00a1nada m\u00e1s que la \u00faltima NOCHE! \u00a1Felicidades a TODOS en la tarjeta! &#8220;, Escribi\u00f3 Hayes.<\/p>\n","protected":false},"excerpt":{"rendered":"<p>De acuerdo con Dave Meltzer en Wrestling Observer Radio, se sigue hablando de dos talentos de NXT quienes pueden integrarse a los rosters principales de WWE pronto.<\/p>\n","protected":false},"author":3,"featured_media":14596,"comment_status":"open","ping_status":"closed","sticky":false,"template":"","format":"standard","meta":{"footnotes":""},"categories":[5,38],"tags":[9],"class_list":{"0":"post-114535","1":"post","2":"type-post","3":"status-publish","4":"format-standard","5":"has-post-thumbnail","7":"category-noticias","8":"category-noticias-y-rumores-de-la-wwe","9":"tag-wwe"},"_links":{"self":[{"href":"https:\/\/www.prwrestling.com\/nw\/wp-json\/wp\/v2\/posts\/114535","targetHints":{"allow":["GET"]}}],"collection":[{"href":"https:\/\/www.prwrestling.com\/nw\/wp-json\/wp\/v2\/posts"}],"about":[{"href":"https:\/\/www.prwrestling.com\/nw\/wp-json\/wp\/v2\/types\/post"}],"author":[{"embeddable":true,"href":"https:\/\/www.prwrestling.com\/nw\/wp-json\/wp\/v2\/users\/3"}],"replies":[{"embeddable":true,"href":"https:\/\/www.prwrestling.com\/nw\/wp-json\/wp\/v2\/comments?post=114535"}],"version-history":[{"count":1,"href":"https:\/\/www.prwrestling.com\/nw\/wp-json\/wp\/v2\/posts\/114535\/revisions"}],"predecessor-version":[{"id":114536,"href":"https:\/\/www.prwrestling.com\/nw\/wp-json\/wp\/v2\/posts\/114535\/revisions\/114536"}],"wp:featuredmedia":[{"embeddable":true,"href":"https:\/\/www.prwrestling.com\/nw\/wp-json\/wp\/v2\/media\/14596"}],"wp:attachment":[{"href":"https:\/\/www.prwrestling.com\/nw\/wp-json\/wp\/v2\/media?parent=114535"}],"wp:term":[{"taxonomy":"category","embeddable":true,"href":"https:\/\/www.prwrestling.com\/nw\/wp-json\/wp\/v2\/categories?post=114535"},{"taxonomy":"post_tag","embeddable":true,"href":"https:\/\/www.prwrestling.com\/nw\/wp-json\/wp\/v2\/tags?post=114535"}],"curies":[{"name":"wp","href":"https:\/\/api.w.org\/{rel}","templated":true}]}}