{"id":114538,"date":"2019-06-03T17:18:41","date_gmt":"2019-06-03T21:18:41","guid":{"rendered":"https:\/\/www.prwrestling.com\/nw\/?p=114538"},"modified":"2019-06-03T17:19:44","modified_gmt":"2019-06-03T21:19:44","slug":"helms-revela-hubo-oficiales-de-wwe-se-molestaron-por-lucha-tryout-con-styles","status":"publish","type":"post","link":"https:\/\/www.prwrestling.com\/nw\/helms-revela-hubo-oficiales-de-wwe-se-molestaron-por-lucha-tryout-con-styles\/","title":{"rendered":"Helms revela oficiales de WWE se molestaron por lucha tryout con Styles"},"content":{"rendered":"<p>AJ Styles estuvo por muchos a\u00f1os fuera de la consideraci\u00f3n de WWE, principalmente debido a su tama\u00f1o.<!--more--><!-- Shortcode [b] does not exist --><br \/>\nStyles pas\u00f3 una d\u00e9cada trabajando en TNA y luego se mud\u00f3 a NJPW antes de llegar finalmente a la WWE. Sin embargo, su llegada pudo haber sucedido mucho antes.<\/p>\n<p>&#8220;Hurricane&#8221; Shane Helms habl\u00f3 con el <a href=\"http:\/\/www.411pod.com\" target=\"_blank\" rel=\"noopener\">411 Podcast<\/a> sobre un momento en el 2002 cuando intent\u00f3 sugerir que la WWE trajera AJ Styles. Esto no result\u00f3 demasiado bien ya que pronto se encontr\u00f3 en una tremenda cantidad de moelstia detr\u00e1s del escenario, incluso por sugerirlo.<\/p>\n<p>&#8220;Definitivamente trat\u00e9 de que contrataran a AJ. En realidad se molestaron por la lucha (de tryout), si quieres escuchar una historia loca, se molestaron porque dej\u00e9 que AJ hiciera mucho. Como yo era un personaje establecido, por supuesto, AJ era un desconocido en ese momento quer\u00eda que contrataran a AJ, porque pensaba que AJ era fant\u00e1stico en ese entonces. A decir verdad, no pens\u00e9 que alguna vez llegaria tan lejos, quiero decir que no lo percib\u00ed como una estrella tan grande como lo fue. Pero lo dej\u00e9 hacer mucho, lo dej\u00e9 hacer todas sus maniobras aereas, y esas cosas &#8220;.<\/p>\n<p>&#8220;Y despu\u00e9s de la lucha se molestaron por dejarle hacer tanto. AJ y yo hablamos de eso recientemente, porque lo hab\u00eda visto [el encuentro], porque la WWE lo public\u00f3 en el Network y \u00e9l dijo, &#8216;S\u00ed, me dejaste hacer mucho&#8217;. As\u00ed que, ya sabes, es un c\u00edrculo de la vida. &#8221;<br \/>\n<div id=\"ad-slot\" style=\"min-width: 300px; min-height: 250px;\">\r\n<p style=\"text-align: center;\">\r\n<script async src=\"https:\/\/pagead2.googlesyndication.com\/pagead\/js\/adsbygoogle.js\"><\/script>\r\n<!-- 300x250 sc a -->\r\n<ins class=\"adsbygoogle\"\r\n     style=\"display:inline-block;width:300px;height:250px\"\r\n     data-ad-client=\"ca-pub-1244235910658811\"\r\n     data-ad-slot=\"8592682546\"><\/ins>\r\n<script>\r\n     (adsbygoogle = window.adsbygoogle || []).push({});\r\n<\/script><\/center>\r\n<\/p><\/div><br \/>\n&#8220;Realmente quer\u00eda que lo contrataran, y creo que en realidad le ofrecieron algo en ese momento, pero no era algo que \u00e9l quiso tomar en t\u00e9rminos de mudanza. No quer\u00eda mudarse de Cincinnati, lejos de su familia. Pero es simplemente una locura el negocio porque ahora llego a ser agente de algunos de sus luchas y estoy trabajando con \u00e9l en una capacidad diferente &#8220;.<\/p>\n","protected":false},"excerpt":{"rendered":"<p>AJ Styles estuvo por muchos a\u00f1os fuera de la consideraci\u00f3n de WWE, principalmente debido a su tama\u00f1o.<\/p>\n","protected":false},"author":3,"featured_media":103397,"comment_status":"open","ping_status":"closed","sticky":false,"template":"","format":"standard","meta":{"footnotes":""},"categories":[5,38],"tags":[26],"class_list":{"0":"post-114538","1":"post","2":"type-post","3":"status-publish","4":"format-standard","5":"has-post-thumbnail","7":"category-noticias","8":"category-noticias-y-rumores-de-la-wwe","9":"tag-aj-styles"},"_links":{"self":[{"href":"https:\/\/www.prwrestling.com\/nw\/wp-json\/wp\/v2\/posts\/114538","targetHints":{"allow":["GET"]}}],"collection":[{"href":"https:\/\/www.prwrestling.com\/nw\/wp-json\/wp\/v2\/posts"}],"about":[{"href":"https:\/\/www.prwrestling.com\/nw\/wp-json\/wp\/v2\/types\/post"}],"author":[{"embeddable":true,"href":"https:\/\/www.prwrestling.com\/nw\/wp-json\/wp\/v2\/users\/3"}],"replies":[{"embeddable":true,"href":"https:\/\/www.prwrestling.com\/nw\/wp-json\/wp\/v2\/comments?post=114538"}],"version-history":[{"count":2,"href":"https:\/\/www.prwrestling.com\/nw\/wp-json\/wp\/v2\/posts\/114538\/revisions"}],"predecessor-version":[{"id":114541,"href":"https:\/\/www.prwrestling.com\/nw\/wp-json\/wp\/v2\/posts\/114538\/revisions\/114541"}],"wp:featuredmedia":[{"embeddable":true,"href":"https:\/\/www.prwrestling.com\/nw\/wp-json\/wp\/v2\/media\/103397"}],"wp:attachment":[{"href":"https:\/\/www.prwrestling.com\/nw\/wp-json\/wp\/v2\/media?parent=114538"}],"wp:term":[{"taxonomy":"category","embeddable":true,"href":"https:\/\/www.prwrestling.com\/nw\/wp-json\/wp\/v2\/categories?post=114538"},{"taxonomy":"post_tag","embeddable":true,"href":"https:\/\/www.prwrestling.com\/nw\/wp-json\/wp\/v2\/tags?post=114538"}],"curies":[{"name":"wp","href":"https:\/\/api.w.org\/{rel}","templated":true}]}}