{"id":114750,"date":"2019-06-15T12:17:26","date_gmt":"2019-06-15T16:17:26","guid":{"rendered":"https:\/\/www.prwrestling.com\/nw\/?p=114750"},"modified":"2019-06-15T12:19:13","modified_gmt":"2019-06-15T16:19:13","slug":"moxley-siento-que-tengo-18-anos-otra-vez","status":"publish","type":"post","link":"https:\/\/www.prwrestling.com\/nw\/moxley-siento-que-tengo-18-anos-otra-vez\/","title":{"rendered":"Moxley: &#8220;Siento que tengo 18 a\u00f1os otra vez&#8221;"},"content":{"rendered":"<p><a href=\"https:\/\/prwrestling.com\/nw\/tag\/jon-moxley\" target=\"_blank\" rel=\"noopener\">Jon Moxley<\/a> habl\u00f3 con TMZ Sports acerca de se nueva etapa como luchador profesional y su aprecio por los fan\u00e1ticos que se han mantenido con \u00e9l durante tantos a\u00f1os. <!--more--><!-- Shortcode [b] does not exist --><br \/>\n&#8220;El \u00faltimo mes, las \u00faltimas semanas, especialmente, han sido realmente geniales solo por ser un luchador profesional otra vez&#8221;, dijo Moxley. &#8220;Acabo de regresar de Jap\u00f3n, dos shows exitosos de New Japan Pro Wrestling&#8221;.<\/p>\n<p>Moxley not\u00f3 c\u00f3mo se ha rejuvenecido despu\u00e9s de pasar de su carrera en la WWE.<\/p>\n<p><center><iframe loading=\"lazy\" src=\"https:\/\/www.youtube.com\/embed\/O-mM0ALtXj8\" width=\"560\" height=\"315\" frameborder=\"0\" allowfullscreen=\"allowfullscreen\"><\/iframe><\/center><br \/>\n&#8220;Siento que tengo 18 a\u00f1os otra vez, ahora mismo&#8221;, admiti\u00f3 Moxley.<\/p>\n<p>&#8220;Solo estoy esperando para volver a entrar en el ring &#8230; Soy como un ni\u00f1o peque\u00f1o otra vez. Estoy tan emocionado por el futuro que podr\u00eda luchar hasta que tenga 100 a\u00f1os&#8221;.<br \/>\n<!-- Shortcode [b] does not exist --><br \/>\nMoxley tambi\u00e9n dio las gracias a sus fan\u00e1ticos que lo han alentado durante tantos a\u00f1os, al tiempo que menciona que es genial disfrutar tanto de AEW como de la WWE, ya que hay espacio para todos.<\/p>\n<p>&#8220;Tengo muchos fans en todo el mundo, algunos de los cuales han estado antes de la <a href=\"https:\/\/prwrestling.com\/nw\/tag\/wwe\" target=\"_blank\" rel=\"noopener\">WWE<\/a>&#8220;, coment\u00f3 Moxley.<\/p>\n<p>&#8220;Tengo un mont\u00f3n de grandes fan\u00e1ticos que se han quedado conmigo a trav\u00e9s de todo y mucho. A trav\u00e9s de todo. Todav\u00eda siguen conmigo y ahora son fan\u00e1ticos de AEW, podr\u00edan ser tambi\u00e9n fan\u00e1ticos de la WWE, eso es genial.<\/p>\n<p>&#8220;Hay suficiente espacio para Todo el mundo. S\u00f3lo un gran agradecimiento a todo el universo &#8220;.<!-- Shortcode [b] does not exist --><\/p>\n","protected":false},"excerpt":{"rendered":"<p>Jon Moxley habl\u00f3 con TMZ Sports acerca de se nueva etapa como luchador profesional y su aprecio por los fan\u00e1ticos que se han mantenido con \u00e9l durante tantos a\u00f1os.<\/p>\n","protected":false},"author":3,"featured_media":114407,"comment_status":"open","ping_status":"closed","sticky":false,"template":"","format":"standard","meta":{"footnotes":""},"categories":[5,1],"tags":[1442,1354],"class_list":{"0":"post-114750","1":"post","2":"type-post","3":"status-publish","4":"format-standard","5":"has-post-thumbnail","7":"category-noticias","8":"category-all-elite-wrestling","9":"tag-jon-moxley","10":"tag-aew"},"_links":{"self":[{"href":"https:\/\/www.prwrestling.com\/nw\/wp-json\/wp\/v2\/posts\/114750","targetHints":{"allow":["GET"]}}],"collection":[{"href":"https:\/\/www.prwrestling.com\/nw\/wp-json\/wp\/v2\/posts"}],"about":[{"href":"https:\/\/www.prwrestling.com\/nw\/wp-json\/wp\/v2\/types\/post"}],"author":[{"embeddable":true,"href":"https:\/\/www.prwrestling.com\/nw\/wp-json\/wp\/v2\/users\/3"}],"replies":[{"embeddable":true,"href":"https:\/\/www.prwrestling.com\/nw\/wp-json\/wp\/v2\/comments?post=114750"}],"version-history":[{"count":2,"href":"https:\/\/www.prwrestling.com\/nw\/wp-json\/wp\/v2\/posts\/114750\/revisions"}],"predecessor-version":[{"id":114753,"href":"https:\/\/www.prwrestling.com\/nw\/wp-json\/wp\/v2\/posts\/114750\/revisions\/114753"}],"wp:featuredmedia":[{"embeddable":true,"href":"https:\/\/www.prwrestling.com\/nw\/wp-json\/wp\/v2\/media\/114407"}],"wp:attachment":[{"href":"https:\/\/www.prwrestling.com\/nw\/wp-json\/wp\/v2\/media?parent=114750"}],"wp:term":[{"taxonomy":"category","embeddable":true,"href":"https:\/\/www.prwrestling.com\/nw\/wp-json\/wp\/v2\/categories?post=114750"},{"taxonomy":"post_tag","embeddable":true,"href":"https:\/\/www.prwrestling.com\/nw\/wp-json\/wp\/v2\/tags?post=114750"}],"curies":[{"name":"wp","href":"https:\/\/api.w.org\/{rel}","templated":true}]}}