{"id":114820,"date":"2019-06-19T20:08:24","date_gmt":"2019-06-20T00:08:24","guid":{"rendered":"https:\/\/www.prwrestling.com\/nw\/?p=114820"},"modified":"2019-06-19T20:11:38","modified_gmt":"2019-06-20T00:11:38","slug":"aew-anuncia-nuevo-campeonato","status":"publish","type":"post","link":"https:\/\/www.prwrestling.com\/nw\/aew-anuncia-nuevo-campeonato\/","title":{"rendered":"AEW anuncia nuevo campeonato"},"content":{"rendered":"<p>En el \u00faltimo episodio de Road to Fyter, Brand Rhodes anunci\u00f3 que en All Out el 31 de agosto en Chicago que se presentar\u00e1 el Campeonato Mundial de Mujeres AEW. <!--more--><!-- Shortcode [b] does not exist --><br \/>\nNo se dieron detalles sobre c\u00f3mo se decidir\u00e1 la primera campeona femenina.<\/p>\n<p>La divisi\u00f3n actual de mujeres incluye a: Allie, Awesome Kong, Bea Priestley, Brandi Rhodes, Britt Baker, Hikaru Shida, Kylie Rae, Leva Bates, Nyla Rose, Pen\u00e9lope Ford, Riho, Yuka Sakazaki y Sadie Gibbs.<\/p>\n<p><center><iframe loading=\"lazy\" src=\"https:\/\/www.youtube.com\/embed\/7XRPY-_lTKw\" width=\"560\" height=\"315\" frameborder=\"0\" allowfullscreen=\"allowfullscreen\"><\/iframe><\/center><br \/>\nTambi\u00e9n en All Out, ya es oficial que Chris Jericho se enfrentar\u00e1 a Adam Page para determinar al primer campe\u00f3n del Mundo de AEW.<\/p>\n<h2><strong>Jericho habla sobre los beneficios de salud en AEW<\/strong><\/h2>\n<p>El debate sobre la atenci\u00f3n m\u00e9dica est\u00e1 en todas las noticias y la lucha profesional no es diferente. Chris Jericho habl\u00f3 con Jesse &#8220;The Body&#8221; Ventura en RT America sobre el cuidado de la salud en la lucha libre al comparar a WWE con AEW.<br \/>\n<!-- Shortcode [b] does not exist --><br \/>\n&#8220;Desde el punto de vista de negocio, no hab\u00eda elecci\u00f3n, AEW era mejor en todos los \u00e1mbitos&#8221;, explic\u00f3 Jericho. &#8220;Desde la garant\u00eda que me dieron, el estatus de empleado, el cuidado de la salud, hay mucho m\u00e1s de eso. Creo que va a seguir creciendo, lo que obligar\u00e1 a la WWE a seguir su ejemplo o todos querr\u00e1n dejar la WWE, y ya eso est\u00e1 empezando a suceder &#8220;.<\/p>\n","protected":false},"excerpt":{"rendered":"<p>En el \u00faltimo episodio de Road to Fyter, Brand Rhodes anunci\u00f3 que en All Out el 31 de agosto en Chicago que se presentar\u00e1 el Campeonato Mundial de Mujeres AEW.<\/p>\n","protected":false},"author":3,"featured_media":114821,"comment_status":"open","ping_status":"closed","sticky":false,"template":"","format":"standard","meta":{"footnotes":""},"categories":[5,1],"tags":[1354],"class_list":{"0":"post-114820","1":"post","2":"type-post","3":"status-publish","4":"format-standard","5":"has-post-thumbnail","7":"category-noticias","8":"category-all-elite-wrestling","9":"tag-aew"},"_links":{"self":[{"href":"https:\/\/www.prwrestling.com\/nw\/wp-json\/wp\/v2\/posts\/114820","targetHints":{"allow":["GET"]}}],"collection":[{"href":"https:\/\/www.prwrestling.com\/nw\/wp-json\/wp\/v2\/posts"}],"about":[{"href":"https:\/\/www.prwrestling.com\/nw\/wp-json\/wp\/v2\/types\/post"}],"author":[{"embeddable":true,"href":"https:\/\/www.prwrestling.com\/nw\/wp-json\/wp\/v2\/users\/3"}],"replies":[{"embeddable":true,"href":"https:\/\/www.prwrestling.com\/nw\/wp-json\/wp\/v2\/comments?post=114820"}],"version-history":[{"count":3,"href":"https:\/\/www.prwrestling.com\/nw\/wp-json\/wp\/v2\/posts\/114820\/revisions"}],"predecessor-version":[{"id":114825,"href":"https:\/\/www.prwrestling.com\/nw\/wp-json\/wp\/v2\/posts\/114820\/revisions\/114825"}],"wp:featuredmedia":[{"embeddable":true,"href":"https:\/\/www.prwrestling.com\/nw\/wp-json\/wp\/v2\/media\/114821"}],"wp:attachment":[{"href":"https:\/\/www.prwrestling.com\/nw\/wp-json\/wp\/v2\/media?parent=114820"}],"wp:term":[{"taxonomy":"category","embeddable":true,"href":"https:\/\/www.prwrestling.com\/nw\/wp-json\/wp\/v2\/categories?post=114820"},{"taxonomy":"post_tag","embeddable":true,"href":"https:\/\/www.prwrestling.com\/nw\/wp-json\/wp\/v2\/tags?post=114820"}],"curies":[{"name":"wp","href":"https:\/\/api.w.org\/{rel}","templated":true}]}}