{"id":114884,"date":"2019-06-23T09:39:36","date_gmt":"2019-06-23T13:39:36","guid":{"rendered":"https:\/\/www.prwrestling.com\/nw\/?p=114884"},"modified":"2019-06-23T09:46:17","modified_gmt":"2019-06-23T13:46:17","slug":"wwe-a-celebrar-mas-luchas-2-de-3-caidas","status":"publish","type":"post","link":"https:\/\/www.prwrestling.com\/nw\/wwe-a-celebrar-mas-luchas-2-de-3-caidas\/","title":{"rendered":"\u00bfWWE a celebrar m\u00e1s luchas 2 de 3 ca\u00eddas?"},"content":{"rendered":"<p>Las luchas dos de cada tres ca\u00eddas en los programas de televisi\u00f3n de la WWE en general han sido una rareza, sin embargo, la semana pasada hubo dos. <!--more--><div id=\"ad-slot\" style=\"min-width: 300px; min-height: 250px;\">\r\n<p style=\"text-align: center;\">\r\n<script async src=\"https:\/\/pagead2.googlesyndication.com\/pagead\/js\/adsbygoogle.js\"><\/script>\r\n<!-- 300x250 sc a -->\r\n<ins class=\"adsbygoogle\"\r\n     style=\"display:inline-block;width:300px;height:250px\"\r\n     data-ad-client=\"ca-pub-1244235910658811\"\r\n     data-ad-slot=\"8592682546\"><\/ins>\r\n<script>\r\n     (adsbygoogle = window.adsbygoogle || []).push({});\r\n<\/script><\/center>\r\n<\/p><\/div><br \/>\nTanto RAW como SmackDown presentaron un encuentro de dos de tres ca\u00eddas, con The New Day derrotando a Baron Corbin, Sami Zayn y Kevin Owens en dos derrotas consecutivas en RAW.<\/p>\n<p>Luego el martes en SmackDown Kofi Kingston y Seth Rollins derrotaron a Sami Zayn y Kevin Owens en dos ca\u00eddas seguidas.<\/p>\n<p>Aparentemente hay una raz\u00f3n para que esos encuentros tengan lugar. Bryan Alvarez inform\u00f3 hoy en Wrestling Observer Radio que Vince McMahon tuvo una reuni\u00f3n la semana pasada y les dijo a la producci\u00f3n que no habr\u00e1 m\u00e1s acci\u00f3n durante los recesos comerciales, incluyendo cuando una lucha est\u00e9 en progreso.\u00a0Este mandato llev\u00f3 a la WWE a determinar que las luchas tuvieran dos de tres caidas para que haya una pausa entre cada ca\u00edda.<\/p>\n<p>Este es un cambio bastante significativo ya que como sabemos la mayor\u00eda de los encuentros en la televisi\u00f3n generalmente pasan por un receso comercial mientras que los luchadores siguen batallando.<\/p>\n<p>Queda por verse cu\u00e1nto tiempo se mantendr\u00e1 este cambio, ya que varios de los cambios recientes que WWE ha realizado en los \u00faltimos meses (atenuando las luces en la tercera hora, el segmento de la &#8216;Silla El\u00e9ctrica&#8217;, y la separaci\u00f3n completa de las marcas) se abandonaron r\u00e1pidamente.<br \/>\n<div id=\"ad-slot\" style=\"min-width: 300px; min-height: 250px;\">\r\n<p style=\"text-align: center;\">\r\n<script async src=\"https:\/\/pagead2.googlesyndication.com\/pagead\/js\/adsbygoogle.js\"><\/script>\r\n<!-- 300x250 sc a -->\r\n<ins class=\"adsbygoogle\"\r\n     style=\"display:inline-block;width:300px;height:250px\"\r\n     data-ad-client=\"ca-pub-1244235910658811\"\r\n     data-ad-slot=\"8592682546\"><\/ins>\r\n<script>\r\n     (adsbygoogle = window.adsbygoogle || []).push({});\r\n<\/script><\/center>\r\n<\/p><\/div><\/p>\n<h2><strong>Leyenda estar\u00e1 en shows WWE en Jap\u00f3n<\/strong><\/h2>\n<p>Un miembro del Legacy Wing del Sal\u00f3n de la Fama de la WWE se unir\u00e1 a la empresa en cierta medida esta semana.<\/p>\n<p>Seg\u00fan el website japon\u00e9s de WWE, Hisashi Shinma aparecer\u00e1 en el show WWE Live en Tokyo este viernes, 28 de junio.<\/p>\n<p>La presentaci\u00f3n incluir\u00e1 su propio discurso personal de la ceremonia del Sal\u00f3n de la Fama de la WWE para la audiencia japonesa.<div id=\"ad-slot\" style=\"min-width: 300px; min-height: 250px;\">\r\n<p style=\"text-align: center;\">\r\n<script async src=\"https:\/\/pagead2.googlesyndication.com\/pagead\/js\/adsbygoogle.js\"><\/script>\r\n<!-- 300x250 sc a -->\r\n<ins class=\"adsbygoogle\"\r\n     style=\"display:inline-block;width:300px;height:250px\"\r\n     data-ad-client=\"ca-pub-1244235910658811\"\r\n     data-ad-slot=\"8592682546\"><\/ins>\r\n<script>\r\n     (adsbygoogle = window.adsbygoogle || []).push({});\r\n<\/script><\/center>\r\n<\/p><\/div><\/p>\n","protected":false},"excerpt":{"rendered":"<p>Las luchas dos de cada tres ca\u00eddas en los programas de televisi\u00f3n de la WWE en general han sido una rareza, sin embargo, la semana pasada hubo dos.<\/p>\n","protected":false},"author":3,"featured_media":113696,"comment_status":"open","ping_status":"closed","sticky":false,"template":"","format":"standard","meta":{"footnotes":""},"categories":[5,38],"tags":[9],"class_list":{"0":"post-114884","1":"post","2":"type-post","3":"status-publish","4":"format-standard","5":"has-post-thumbnail","7":"category-noticias","8":"category-noticias-y-rumores-de-la-wwe","9":"tag-wwe"},"_links":{"self":[{"href":"https:\/\/www.prwrestling.com\/nw\/wp-json\/wp\/v2\/posts\/114884","targetHints":{"allow":["GET"]}}],"collection":[{"href":"https:\/\/www.prwrestling.com\/nw\/wp-json\/wp\/v2\/posts"}],"about":[{"href":"https:\/\/www.prwrestling.com\/nw\/wp-json\/wp\/v2\/types\/post"}],"author":[{"embeddable":true,"href":"https:\/\/www.prwrestling.com\/nw\/wp-json\/wp\/v2\/users\/3"}],"replies":[{"embeddable":true,"href":"https:\/\/www.prwrestling.com\/nw\/wp-json\/wp\/v2\/comments?post=114884"}],"version-history":[{"count":3,"href":"https:\/\/www.prwrestling.com\/nw\/wp-json\/wp\/v2\/posts\/114884\/revisions"}],"predecessor-version":[{"id":114888,"href":"https:\/\/www.prwrestling.com\/nw\/wp-json\/wp\/v2\/posts\/114884\/revisions\/114888"}],"wp:featuredmedia":[{"embeddable":true,"href":"https:\/\/www.prwrestling.com\/nw\/wp-json\/wp\/v2\/media\/113696"}],"wp:attachment":[{"href":"https:\/\/www.prwrestling.com\/nw\/wp-json\/wp\/v2\/media?parent=114884"}],"wp:term":[{"taxonomy":"category","embeddable":true,"href":"https:\/\/www.prwrestling.com\/nw\/wp-json\/wp\/v2\/categories?post=114884"},{"taxonomy":"post_tag","embeddable":true,"href":"https:\/\/www.prwrestling.com\/nw\/wp-json\/wp\/v2\/tags?post=114884"}],"curies":[{"name":"wp","href":"https:\/\/api.w.org\/{rel}","templated":true}]}}