{"id":115033,"date":"2019-06-30T11:11:33","date_gmt":"2019-06-30T15:11:33","guid":{"rendered":"https:\/\/www.prwrestling.com\/nw\/?p=115033"},"modified":"2019-07-16T19:06:00","modified_gmt":"2019-07-16T23:06:00","slug":"foto-moxley-y-janela-juntos-luego-de-su-pelea-en-fyter-fest","status":"publish","type":"post","link":"https:\/\/www.prwrestling.com\/nw\/foto-moxley-y-janela-juntos-luego-de-su-pelea-en-fyter-fest\/","title":{"rendered":"Foto: Moxley y Janela juntos luego de su pelea en Fyter Fest"},"content":{"rendered":"<p>Jon Moxley y Joey Janela cerraron AEW Fyter Fest con un encuentro brutal que vio sillas, escaleras, mesas, tableros de alambre de p\u00faas e incluso a Janela descalzo siendo enviado sobre unas tachuelas.<!--more--><div id=\"ad-slot\" style=\"min-width: 300px; min-height: 250px;\">\r\n<p style=\"text-align: center;\">\r\n<!-- Site name: prwrestling.com\r\nZone name: prwrestling.com_banner_300x250\r\nZone id: 2109741734\r\nType: banner\r\nFormat: 300x250\r\n --> \r\n\r\n<!-- Copy and paste this code on the page. -->\r\n<div id='zone_2109741734' ><\/div>\r\n<script>\r\n    (function(w,d,o,g,r,a,m){\r\n        var cid='zone_2109741734';\r\n        w[r]=w[r]||function(){(w[r+'l']=w[r+'l']||[]).push(arguments)};\r\n        function e(b,w,r){if((w[r+'h']=b.pop())&&!w.ABN){\r\n            var a=d.createElement(o),p=d.getElementsByTagName(o)[0];a.async=1;\r\n            a.src='https:\/\/cdn.'+w[r+'h']+'\/libs\/e.js';a.onerror=function(){e(g,w,r)};\r\n            p.parentNode.insertBefore(a,p)}}e(g,w,r);\r\n        w[r](cid,{id:2109741734,domain:w[r+'h']});\r\n    })(window,document,'script',['traffmovie.com'],'ABNS');\r\n<\/script>\r\n\r\n<!--\r\nWhen setting the zone code, make sure:\r\n  - you have provided all domains from which the area code will be called\r\n  - the site does not limit the loading in the Content Security Policy\r\n  - the area code is installed in the ad space inside the page\r\n  - site layout allows you to display the banner on mobile devices in full size\r\nUse data-cp1={customParam1} data-cp2={customParam2}... attributes for sending custom params\r\n-->\r\n<\/p><\/div><br \/>\nDespu\u00e9s del espect\u00e1culo, Moxley public\u00f3 una foto de \u00e9l y Janela disfrutando de una bebida. Moxley parec\u00eda estar sintiendo los efectos de la noche a la vez que Janela se qued\u00f3 mirando a la distancia mientras le ense\u00f1aba el \u201cdedo malo\u201d a Mox.<\/p>\n<p>Janela tambi\u00e9n public\u00f3 una foto del encuentro agradeciendo a todos por su apoyo.<\/p>\n<blockquote class=\"twitter-tweet tw-align-center\" data-lang=\"en\">\n<p dir=\"ltr\" lang=\"und\"><a href=\"https:\/\/t.co\/zD9PXxVtv0\">pic.twitter.com\/zD9PXxVtv0<\/a><\/p>\n<p>\u2014 <a href=\"\/profiles\/272\/jon-moxley\/\">Jon Moxley<\/a> (@JonMoxley) <a href=\"https:\/\/twitter.com\/JonMoxley\/status\/1145250594820632576?ref_src=twsrc%5Etfw\" target=\"_blank\" rel=\"noopener\">June 30, 2019<\/a><\/p><\/blockquote>\n<p><script async src=\"https:\/\/platform.twitter.com\/widgets.js\" charset=\"utf-8\"><\/script><\/p>\n<blockquote class=\"twitter-tweet tw-align-center\" data-lang=\"en\">\n<p dir=\"ltr\" lang=\"en\">What a dream come true, thanks everyone <a href=\"https:\/\/twitter.com\/AEWrestling?ref_src=twsrc%5Etfw\" target=\"_blank\" rel=\"noopener\">@AEWrestling<\/a> <a href=\"https:\/\/t.co\/3UeMwLsVoE\">pic.twitter.com\/3UeMwLsVoE<\/a><\/p>\n<p>\u2014 Bad Boy Joey Janela (@JANELABABY) <a href=\"https:\/\/twitter.com\/JANELABABY\/status\/1145196164029079552?ref_src=twsrc%5Etfw\" target=\"_blank\" rel=\"noopener\">June 30, 2019<\/a><\/p><\/blockquote>\n<p><script async src=\"https:\/\/platform.twitter.com\/widgets.js\" charset=\"utf-8\"><\/script><div id=\"ad-slot\" style=\"min-width: 300px; min-height: 250px;\">\r\n<p style=\"text-align: center;\">\r\n<!-- Site name: prwrestling.com\r\nZone name: prwrestling.com_banner_300x250\r\nZone id: 2109741734\r\nType: banner\r\nFormat: 300x250\r\n --> \r\n\r\n<!-- Copy and paste this code on the page. -->\r\n<div id='zone_2109741734' ><\/div>\r\n<script>\r\n    (function(w,d,o,g,r,a,m){\r\n        var cid='zone_2109741734';\r\n        w[r]=w[r]||function(){(w[r+'l']=w[r+'l']||[]).push(arguments)};\r\n        function e(b,w,r){if((w[r+'h']=b.pop())&&!w.ABN){\r\n            var a=d.createElement(o),p=d.getElementsByTagName(o)[0];a.async=1;\r\n            a.src='https:\/\/cdn.'+w[r+'h']+'\/libs\/e.js';a.onerror=function(){e(g,w,r)};\r\n            p.parentNode.insertBefore(a,p)}}e(g,w,r);\r\n        w[r](cid,{id:2109741734,domain:w[r+'h']});\r\n    })(window,document,'script',['traffmovie.com'],'ABNS');\r\n<\/script>\r\n\r\n<!--\r\nWhen setting the zone code, make sure:\r\n  - you have provided all domains from which the area code will be called\r\n  - the site does not limit the loading in the Content Security Policy\r\n  - the area code is installed in the ad space inside the page\r\n  - site layout allows you to display the banner on mobile devices in full size\r\nUse data-cp1={customParam1} data-cp2={customParam2}... attributes for sending custom params\r\n-->\r\n<\/p><\/div><\/p>\n","protected":false},"excerpt":{"rendered":"<p>Jon Moxley y Joey Janela cerraron AEW Fyter Fest con un encuentro brutal que vio sillas, escaleras, mesas, tableros de alambre de p\u00faas e incluso a Janela descalzo siendo enviado sobre unas tachuelas.<\/p>\n","protected":false},"author":1,"featured_media":0,"comment_status":"open","ping_status":"closed","sticky":false,"template":"","format":"standard","meta":{"footnotes":""},"categories":[5,1],"tags":[1442,1354],"class_list":["post-115033","post","type-post","status-publish","format-standard","category-noticias","category-all-elite-wrestling","tag-jon-moxley","tag-aew"],"_links":{"self":[{"href":"https:\/\/www.prwrestling.com\/nw\/wp-json\/wp\/v2\/posts\/115033","targetHints":{"allow":["GET"]}}],"collection":[{"href":"https:\/\/www.prwrestling.com\/nw\/wp-json\/wp\/v2\/posts"}],"about":[{"href":"https:\/\/www.prwrestling.com\/nw\/wp-json\/wp\/v2\/types\/post"}],"author":[{"embeddable":true,"href":"https:\/\/www.prwrestling.com\/nw\/wp-json\/wp\/v2\/users\/1"}],"replies":[{"embeddable":true,"href":"https:\/\/www.prwrestling.com\/nw\/wp-json\/wp\/v2\/comments?post=115033"}],"version-history":[{"count":1,"href":"https:\/\/www.prwrestling.com\/nw\/wp-json\/wp\/v2\/posts\/115033\/revisions"}],"predecessor-version":[{"id":115035,"href":"https:\/\/www.prwrestling.com\/nw\/wp-json\/wp\/v2\/posts\/115033\/revisions\/115035"}],"wp:attachment":[{"href":"https:\/\/www.prwrestling.com\/nw\/wp-json\/wp\/v2\/media?parent=115033"}],"wp:term":[{"taxonomy":"category","embeddable":true,"href":"https:\/\/www.prwrestling.com\/nw\/wp-json\/wp\/v2\/categories?post=115033"},{"taxonomy":"post_tag","embeddable":true,"href":"https:\/\/www.prwrestling.com\/nw\/wp-json\/wp\/v2\/tags?post=115033"}],"curies":[{"name":"wp","href":"https:\/\/api.w.org\/{rel}","templated":true}]}}