{"id":115096,"date":"2019-07-03T20:53:03","date_gmt":"2019-07-04T00:53:03","guid":{"rendered":"https:\/\/www.prwrestling.com\/nw\/?p=115096"},"modified":"2019-07-03T20:53:03","modified_gmt":"2019-07-04T00:53:03","slug":"aew-anuncia-lucha-3-vs-3-para-fight-for-the-fallen","status":"publish","type":"post","link":"https:\/\/www.prwrestling.com\/nw\/aew-anuncia-lucha-3-vs-3-para-fight-for-the-fallen\/","title":{"rendered":"AEW anuncia lucha 3 vs 3 para &#8216;Fight for the Fallen&#8217;"},"content":{"rendered":"<p>AEW lanz\u00f3 el segundo episodio de su serie &#8220;Road to Fight for the Fallen&#8221;, que se basa en el evento programado para el s\u00e1bado 13 de julio en Jacksonville, FL.<!--more--><div id=\"ad-slot\" style=\"min-width: 300px; min-height: 250px;\">\r\n<p style=\"text-align: center;\">\r\n<!-- Site name: prwrestling.com\r\nZone name: prwrestling.com_banner_300x250\r\nZone id: 2109741734\r\nType: banner\r\nFormat: 300x250\r\n --> \r\n\r\n<!-- Copy and paste this code on the page. -->\r\n<div id='zone_2109741734' ><\/div>\r\n<script>\r\n    (function(w,d,o,g,r,a,m){\r\n        var cid='zone_2109741734';\r\n        w[r]=w[r]||function(){(w[r+'l']=w[r+'l']||[]).push(arguments)};\r\n        function e(b,w,r){if((w[r+'h']=b.pop())&&!w.ABN){\r\n            var a=d.createElement(o),p=d.getElementsByTagName(o)[0];a.async=1;\r\n            a.src='https:\/\/cdn.'+w[r+'h']+'\/libs\/e.js';a.onerror=function(){e(g,w,r)};\r\n            p.parentNode.insertBefore(a,p)}}e(g,w,r);\r\n        w[r](cid,{id:2109741734,domain:w[r+'h']});\r\n    })(window,document,'script',['traffmovie.com'],'ABNS');\r\n<\/script>\r\n\r\n<!--\r\nWhen setting the zone code, make sure:\r\n  - you have provided all domains from which the area code will be called\r\n  - the site does not limit the loading in the Content Security Policy\r\n  - the area code is installed in the ad space inside the page\r\n  - site layout allows you to display the banner on mobile devices in full size\r\nUse data-cp1={customParam1} data-cp2={customParam2}... attributes for sending custom params\r\n-->\r\n<\/p><\/div><\/p>\n<p>Dentro del episodio se anunci\u00f3 que una lucha de seis hombres se llevar\u00e1 a cabo en Fight for the Fallen. Ser\u00e1n MJF, Shawn Spears y Sammy Guevara contra Joey Janela, Darby Allin y Jimmy Havoc.<\/p>\n<p>El episodio tambi\u00e9n incluye im\u00e1genes exclusivas del evento Fyter Fest, una mirada emocional a la Directora de Marca Brandi Rhodes antes de su encuentro con Allie, y m\u00e1s.<\/p>\n<p><center><iframe loading=\"lazy\" src=\"https:\/\/www.youtube.com\/embed\/MenCGmW5hzw\" width=\"560\" height=\"315\" frameborder=\"0\" allowfullscreen=\"allowfullscreen\"><\/iframe><\/center><br \/>\nA continuaci\u00f3n se muestra el cartel actualizado para Fight for the Fallen:<br \/>\n<!-- Shortcode [b] does not exist --><br \/>\n* Cody Rhodes y Dustin Rhodes vs. The Young Bucks<\/p>\n<p>* Kenny Omega vs. Cima<\/p>\n<p>* Brandi Rhodes vs. Allie<\/p>\n<p>* Adam Page vs. Kip Sabian<\/p>\n<p>* MJF, Shawn Spears y Sammy Guevara vs. Joey Janela, Darby Allin y Jimmy Havoc<\/p>\n<p>* Chris Jericho estar\u00e1 presente en el show.<\/p>\n","protected":false},"excerpt":{"rendered":"<p>AEW lanz\u00f3 el segundo episodio de su serie &#8220;Road to Fight for the Fallen&#8221;, que se basa en el evento programado para el s\u00e1bado 13 de julio en Jacksonville, FL.<\/p>\n","protected":false},"author":3,"featured_media":110306,"comment_status":"open","ping_status":"closed","sticky":false,"template":"","format":"standard","meta":{"footnotes":""},"categories":[1,38],"tags":[1354],"class_list":["post-115096","post","type-post","status-publish","format-standard","has-post-thumbnail","category-all-elite-wrestling","category-noticias-y-rumores-de-la-wwe","tag-aew"],"_links":{"self":[{"href":"https:\/\/www.prwrestling.com\/nw\/wp-json\/wp\/v2\/posts\/115096","targetHints":{"allow":["GET"]}}],"collection":[{"href":"https:\/\/www.prwrestling.com\/nw\/wp-json\/wp\/v2\/posts"}],"about":[{"href":"https:\/\/www.prwrestling.com\/nw\/wp-json\/wp\/v2\/types\/post"}],"author":[{"embeddable":true,"href":"https:\/\/www.prwrestling.com\/nw\/wp-json\/wp\/v2\/users\/3"}],"replies":[{"embeddable":true,"href":"https:\/\/www.prwrestling.com\/nw\/wp-json\/wp\/v2\/comments?post=115096"}],"version-history":[{"count":1,"href":"https:\/\/www.prwrestling.com\/nw\/wp-json\/wp\/v2\/posts\/115096\/revisions"}],"predecessor-version":[{"id":115097,"href":"https:\/\/www.prwrestling.com\/nw\/wp-json\/wp\/v2\/posts\/115096\/revisions\/115097"}],"wp:featuredmedia":[{"embeddable":true,"href":"https:\/\/www.prwrestling.com\/nw\/wp-json\/wp\/v2\/media\/110306"}],"wp:attachment":[{"href":"https:\/\/www.prwrestling.com\/nw\/wp-json\/wp\/v2\/media?parent=115096"}],"wp:term":[{"taxonomy":"category","embeddable":true,"href":"https:\/\/www.prwrestling.com\/nw\/wp-json\/wp\/v2\/categories?post=115096"},{"taxonomy":"post_tag","embeddable":true,"href":"https:\/\/www.prwrestling.com\/nw\/wp-json\/wp\/v2\/tags?post=115096"}],"curies":[{"name":"wp","href":"https:\/\/api.w.org\/{rel}","templated":true}]}}