{"id":115103,"date":"2019-07-03T22:15:59","date_gmt":"2019-07-04T02:15:59","guid":{"rendered":"https:\/\/www.prwrestling.com\/nw\/?p=115103"},"modified":"2019-07-03T22:27:04","modified_gmt":"2019-07-04T02:27:04","slug":"fallece-perro-aguayo","status":"publish","type":"post","link":"https:\/\/www.prwrestling.com\/nw\/fallece-perro-aguayo\/","title":{"rendered":"Fallece &#8220;Perro&#8221; Aguayo"},"content":{"rendered":"<p>El luchador mexicano en retiro Pedro &#8220;El Perro&#8221; Aguayo falleci\u00f3 a la edad de 73 a\u00f1os.<!--more--><div id=\"ad-slot\" style=\"min-width: 300px; min-height: 250px;\">\r\n<p style=\"text-align: center;\">\r\n<script async src=\"https:\/\/pagead2.googlesyndication.com\/pagead\/js\/adsbygoogle.js\"><\/script>\r\n<!-- 300x250 sc a -->\r\n<ins class=\"adsbygoogle\"\r\n     style=\"display:inline-block;width:300px;height:250px\"\r\n     data-ad-client=\"ca-pub-1244235910658811\"\r\n     data-ad-slot=\"8592682546\"><\/ins>\r\n<script>\r\n     (adsbygoogle = window.adsbygoogle || []).push({});\r\n<\/script><\/center>\r\n<\/p><\/div><br \/>\nEl Consejo Mundial de Lucha Libre (CMLL) inform\u00f3 la noche de este jueves de la muerte de quien consider\u00f3 &#8220;una de las m\u00e1ximas figuras de este deporte&#8221; en M\u00e9xico.<\/p>\n<blockquote class=\"twitter-tweet tw-align-center\" data-lang=\"en\">\n<p lang=\"es\" dir=\"ltr\">&#x26ab;\u00a0DESCANSE EN PAZ EL PERRO AGUAYO\u00a0&#x26ab;<br \/>El Consejo Mundial de Lucha Libre se une a la pena que embarga a la familia luch\u00edstica por el sensible fallecimiento del Sr. Pedro Aguayo Dami\u00e1n, mejor conocido como El Perro Aguayo, quien fue una de las m\u00e1ximas figuras de este deporte. <a href=\"https:\/\/t.co\/rt3cUiolvS\">pic.twitter.com\/rt3cUiolvS<\/a><\/p>\n<p>&mdash; Lucha Libre CMLL (@CMLL_OFICIAL) <a href=\"https:\/\/twitter.com\/CMLL_OFICIAL\/status\/1146578790618939397?ref_src=twsrc%5Etfw\" target=\"_blank\" rel=\"noopener\">July 4, 2019<\/a><\/p><\/blockquote>\n<p><script async src=\"https:\/\/platform.twitter.com\/widgets.js\" charset=\"utf-8\"><\/script><br \/>\nSu familia tambi\u00e9n coment\u00f3 sobre el fallecimiento con el siguiente comunicado:<\/p>\n<p>&#8220;La Familia Aguayo Ramirez con mucho dolor comunicamos el sensible fallecimiento de nuestro amado padre y esposo Don Pedro &#8220;Perro Aguayo&#8221;. Agradecemos su comprensi\u00f3n para poder dar despedida y elevar una oraci\u00f3n por su eterno descanso. Ser\u00e1 velado en Galloso Av. Mexico en Guadalajara Jalisco a partir de ma\u00f1ana a las 10 am&#8221;, dice el comunicado emitido por los seres queridos de &#8220;El Perro&#8221;.<\/p>\n<p>La empresa Lucha Libre AAA, de la que form\u00f3 parte Aguayo, tambi\u00e9n expres\u00f3 sus condolencias por la partida del &#8220;\u00eddolo y leyenda de la lucha libre mexicana&#8221; que forma parte de su Sal\u00f3n de la Fama.<\/p>\n<p>&#8220;El Perro&#8221; Aguayo debut\u00f3 en 1970 a la edad de 25 a\u00f1os. En la d\u00e9cada de 1990 fue parte de las carteleras de la llamada &#8220;\u00e9poca dorada&#8221; de ese deporte para las empresas CMLL y AAA. &#8220;El Perro&#8221; tambi\u00e9n fue el primer poseedor del t\u00edtulo del Campeonato Peso Ligero de la WWF.<br \/>\n<center><iframe loading=\"lazy\" width=\"560\" height=\"315\" src=\"https:\/\/www.youtube.com\/embed\/SppTYU7AlhA\" frameborder=\"0\" allow=\"accelerometer; autoplay; encrypted-media; gyroscope; picture-in-picture\" allowfullscreen><\/iframe><\/center><br \/>\nSe retir\u00f3 en 2001, luego de tres d\u00e9cadas como uno de los m\u00e1ximos representantes del bando de &#8220;los rudos&#8221;.<br \/>\n<!-- Shortcode [b] does not exist --><br \/>\nHasta el momento se desconocen las causas del fallecimiento del luchador mexicano, quien naci\u00f3 en Nochistl\u00e1n, Zacatecas, el 18 de enero de 1946 con el nombre de Pedro Aguayo Dami\u00e1n.<\/p>\n<p>Aguayo muri\u00f3 cuatro a\u00f1os despu\u00e9s de que su hijo perdiera la vida tr\u00e1gicamente en plena funci\u00f3n en Tijuana.<\/p>\n","protected":false},"excerpt":{"rendered":"<p>El luchador mexicano en retiro Pedro &#8220;El Perro&#8221; Aguayo falleci\u00f3 a la edad de 73 a\u00f1os.<\/p>\n","protected":false},"author":3,"featured_media":115104,"comment_status":"open","ping_status":"closed","sticky":false,"template":"","format":"standard","meta":{"footnotes":""},"categories":[5],"tags":[1678],"class_list":{"0":"post-115103","1":"post","2":"type-post","3":"status-publish","4":"format-standard","5":"has-post-thumbnail","7":"category-noticias","8":"tag-perro-aguayo"},"_links":{"self":[{"href":"https:\/\/www.prwrestling.com\/nw\/wp-json\/wp\/v2\/posts\/115103","targetHints":{"allow":["GET"]}}],"collection":[{"href":"https:\/\/www.prwrestling.com\/nw\/wp-json\/wp\/v2\/posts"}],"about":[{"href":"https:\/\/www.prwrestling.com\/nw\/wp-json\/wp\/v2\/types\/post"}],"author":[{"embeddable":true,"href":"https:\/\/www.prwrestling.com\/nw\/wp-json\/wp\/v2\/users\/3"}],"replies":[{"embeddable":true,"href":"https:\/\/www.prwrestling.com\/nw\/wp-json\/wp\/v2\/comments?post=115103"}],"version-history":[{"count":8,"href":"https:\/\/www.prwrestling.com\/nw\/wp-json\/wp\/v2\/posts\/115103\/revisions"}],"predecessor-version":[{"id":115113,"href":"https:\/\/www.prwrestling.com\/nw\/wp-json\/wp\/v2\/posts\/115103\/revisions\/115113"}],"wp:featuredmedia":[{"embeddable":true,"href":"https:\/\/www.prwrestling.com\/nw\/wp-json\/wp\/v2\/media\/115104"}],"wp:attachment":[{"href":"https:\/\/www.prwrestling.com\/nw\/wp-json\/wp\/v2\/media?parent=115103"}],"wp:term":[{"taxonomy":"category","embeddable":true,"href":"https:\/\/www.prwrestling.com\/nw\/wp-json\/wp\/v2\/categories?post=115103"},{"taxonomy":"post_tag","embeddable":true,"href":"https:\/\/www.prwrestling.com\/nw\/wp-json\/wp\/v2\/tags?post=115103"}],"curies":[{"name":"wp","href":"https:\/\/api.w.org\/{rel}","templated":true}]}}