{"id":11569,"date":"2017-02-03T17:36:38","date_gmt":"2017-02-03T22:36:38","guid":{"rendered":"http:\/\/prwrestling.com\/nw\/?p=11569"},"modified":"2017-02-03T17:36:38","modified_gmt":"2017-02-03T22:36:38","slug":"bret-hart-comenta-sobre-el-estatus-de-su-condicion-de-cancer","status":"publish","type":"post","link":"https:\/\/www.prwrestling.com\/nw\/bret-hart-comenta-sobre-el-estatus-de-su-condicion-de-cancer\/","title":{"rendered":"BRET HART COMENTA SOBRE EL ESTATUS DE SU CONDICION DE CANCER"},"content":{"rendered":"<p style=\"text-align: center;\"><a href=\"http:\/\/prwrestling.com\/nw\/wp-content\/uploads\/2016\/08\/bret-hart.jpg\" target=\"_blank\" rel=\"noopener\"><img loading=\"lazy\" decoding=\"async\" class=\" wp-image-9432 aligncenter\" alt=\"bret hart\" src=\"http:\/\/prwrestling.com\/nw\/wp-content\/uploads\/2016\/08\/bret-hart.jpg\" width=\"482\" height=\"279\" srcset=\"https:\/\/www.prwrestling.com\/nw\/wp-content\/uploads\/2016\/08\/bret-hart.jpg 670w, https:\/\/www.prwrestling.com\/nw\/wp-content\/uploads\/2016\/08\/bret-hart-300x173.jpg 300w\" sizes=\"auto, (max-width: 482px) 100vw, 482px\" \/><\/a><\/p>\n<p>Fue hace un a\u00f1o que el miembro del Sal\u00f3n de la Fama de la WWE Bret &#8220;The Hitman&#8221; Hart revel\u00f3 que ten\u00eda c\u00e1ncer de pr\u00f3stata y se someti\u00f3 a cirug\u00eda. <!--more-->El Hitman le dijo a la prensa canadiense que est\u00e1 100% recuperado de la cirug\u00eda y reitera que los hombres deben hacerse la prueba de c\u00e1ncer.<\/p>\n<p style=\"text-align: center;\">Contin\u00faa abajo<br \/>\n<script type=\"text\/javascript\" src=\"\/\/pagead2.googlesyndication.com\/pagead\/js\/adsbygoogle.js\" async=\"\"><\/script><!-- 300x250 en medio de portajes (manual placement) --> <ins class=\"adsbygoogle\" style=\"display: inline-block; width: 300px; height: 250px;\" data-ad-client=\"ca-pub-1244235910658811\" data-ad-slot=\"8592682546\"><\/ins><script type=\"text\/javascript\">\/\/ <![CDATA[\n(adsbygoogle = window.adsbygoogle || []).push({});\n\/\/ ]]><\/script><\/p>\n<p>&#8220;Sabes, es tan importante para m\u00ed hacer hincapi\u00e9 en que es s\u00f3lo un an\u00e1lisis de sangre&#8221;, dijo Hart &#8220;Tienes que ir a hacerte un an\u00e1lisis de sangre. Si eres un hombre de m\u00e1s de 40 a\u00f1os, necesitas entrar. No quieres ser como mi hermano, Smith, que es un tipo que no se preocup\u00f3 por eso y es demasiado tarde ahora.<\/p>\n<p>&#8220;Si tienes c\u00e1ncer de pr\u00f3stata, si no lo capturas temprano, podr\u00edas morir de eso, y si lo capturas temprano, puedes vivir una vida bastante normal.&#8221; Yo dir\u00eda que estoy muy cerca de lo normal,&#8221; dijo.<\/p>\n<p style=\"text-align: center;\"><strong>Opina abajo!<\/strong><br \/>\n<script type=\"text\/javascript\" src=\"\/\/pagead2.googlesyndication.com\/pagead\/js\/adsbygoogle.js\" async=\"\"><\/script><!-- 300x250, abajo de reportaje --> <ins class=\"adsbygoogle\" style=\"display: inline-block; width: 300px; height: 250px;\" data-ad-client=\"ca-pub-1244235910658811\" data-ad-slot=\"2438031264\"><\/ins><script type=\"text\/javascript\">\/\/ <![CDATA[\n(adsbygoogle = window.adsbygoogle || []).push({});\n\/\/ ]]><\/script><\/p>\n","protected":false},"excerpt":{"rendered":"<p>Fue hace un a\u00f1o que el miembro del Sal\u00f3n de la Fama de la WWE Bret &#8220;The Hitman&#8221; Hart revel\u00f3 que ten\u00eda c\u00e1ncer de pr\u00f3stata y se someti\u00f3 a cirug\u00eda.<\/p>\n","protected":false},"author":3,"featured_media":9432,"comment_status":"closed","ping_status":"closed","sticky":false,"template":"","format":"standard","meta":{"footnotes":""},"categories":[5],"tags":[],"class_list":{"0":"post-11569","1":"post","2":"type-post","3":"status-publish","4":"format-standard","5":"has-post-thumbnail","7":"category-noticias"},"_links":{"self":[{"href":"https:\/\/www.prwrestling.com\/nw\/wp-json\/wp\/v2\/posts\/11569","targetHints":{"allow":["GET"]}}],"collection":[{"href":"https:\/\/www.prwrestling.com\/nw\/wp-json\/wp\/v2\/posts"}],"about":[{"href":"https:\/\/www.prwrestling.com\/nw\/wp-json\/wp\/v2\/types\/post"}],"author":[{"embeddable":true,"href":"https:\/\/www.prwrestling.com\/nw\/wp-json\/wp\/v2\/users\/3"}],"replies":[{"embeddable":true,"href":"https:\/\/www.prwrestling.com\/nw\/wp-json\/wp\/v2\/comments?post=11569"}],"version-history":[{"count":1,"href":"https:\/\/www.prwrestling.com\/nw\/wp-json\/wp\/v2\/posts\/11569\/revisions"}],"predecessor-version":[{"id":11571,"href":"https:\/\/www.prwrestling.com\/nw\/wp-json\/wp\/v2\/posts\/11569\/revisions\/11571"}],"wp:featuredmedia":[{"embeddable":true,"href":"https:\/\/www.prwrestling.com\/nw\/wp-json\/wp\/v2\/media\/9432"}],"wp:attachment":[{"href":"https:\/\/www.prwrestling.com\/nw\/wp-json\/wp\/v2\/media?parent=11569"}],"wp:term":[{"taxonomy":"category","embeddable":true,"href":"https:\/\/www.prwrestling.com\/nw\/wp-json\/wp\/v2\/categories?post=11569"},{"taxonomy":"post_tag","embeddable":true,"href":"https:\/\/www.prwrestling.com\/nw\/wp-json\/wp\/v2\/tags?post=11569"}],"curies":[{"name":"wp","href":"https:\/\/api.w.org\/{rel}","templated":true}]}}