{"id":115866,"date":"2019-08-09T20:16:37","date_gmt":"2019-08-10T00:16:37","guid":{"rendered":"https:\/\/www.prwrestling.com\/nw\/?p=115866"},"modified":"2019-08-09T20:16:37","modified_gmt":"2019-08-10T00:16:37","slug":"pr-el-bronco-regresa-el-sabado-en-pena-capital-de-wwl","status":"publish","type":"post","link":"https:\/\/www.prwrestling.com\/nw\/pr-el-bronco-regresa-el-sabado-en-pena-capital-de-wwl\/","title":{"rendered":"PR: El Bronco regresa el s\u00e1bado en &#8220;Pena Capital&#8221; de WWL"},"content":{"rendered":"<p>\u201cEl Macho Dominicano\u201d El Bronco hace su regreso al ambiente de la lucha libre boricua este s\u00e1bado 10 de agosto en el evento Pena Capital de la WWL.<!--more--><div id=\"ad-slot\" style=\"min-width: 300px; min-height: 250px;\">\r\n<p style=\"text-align: center;\">\r\n<script async src=\"https:\/\/pagead2.googlesyndication.com\/pagead\/js\/adsbygoogle.js\"><\/script>\r\n<!-- 300x250 sc a -->\r\n<ins class=\"adsbygoogle\"\r\n     style=\"display:inline-block;width:300px;height:250px\"\r\n     data-ad-client=\"ca-pub-1244235910658811\"\r\n     data-ad-slot=\"8592682546\"><\/ins>\r\n<script>\r\n     (adsbygoogle = window.adsbygoogle || []).push({});\r\n<\/script><\/center>\r\n<\/p><\/div><br \/>\nBronco entra en la escena de la Liga Mundial tras revelarse como el Consiliario misterioso hace unas semanas atr\u00e1s y dice que viene a hacerle frente a Thunder.<\/p>\n<p>Pena Capital de la WWL se llevar\u00e1 a cabo en el Coliseo Pedr\u00edn Zorrilla de San Juan a las 7:30PM con el siguiente cartel anunciado:<\/p>\n<p>Por el Campeonato Mundial<br \/>\nMike Mendoza ante Star Roger<\/p>\n<p>Thunder &amp; Lighting vs LAX<\/p>\n<p>&#8220;El Fen\u00f3meno&#8221; BJ vs Monster Pain<\/p>\n<p>Mark Davidson defiende el Campeonato De Las Am\u00e9ricas ante Justin Dynamite<\/p>\n<p>LUCHA CALLEJERA FEMENINA<br \/>\nG\u00e9nesis vs Nancy<\/p>\n<p>Semifinales y Final de la Copa S\u00faper Crucero para coronar un NUEVO CAMPE\u00d3N S\u00daPER CRUCERO<\/p>\n<p>Montes vs Boricua Guerrero<\/p>\n<p>La Milicia &amp; King Kandelo vs Los Lights &amp; Androide787<\/p>\n<p>Entrada General $12.00<br \/>\nMenores hasta 10 a\u00f1os $6.00<div id=\"ad-slot\" style=\"min-width: 300px; min-height: 250px;\">\r\n<p style=\"text-align: center;\">\r\n<script async src=\"https:\/\/pagead2.googlesyndication.com\/pagead\/js\/adsbygoogle.js\"><\/script>\r\n<!-- 300x250 sc a -->\r\n<ins class=\"adsbygoogle\"\r\n     style=\"display:inline-block;width:300px;height:250px\"\r\n     data-ad-client=\"ca-pub-1244235910658811\"\r\n     data-ad-slot=\"8592682546\"><\/ins>\r\n<script>\r\n     (adsbygoogle = window.adsbygoogle || []).push({});\r\n<\/script><\/center>\r\n<\/p><\/div><\/p>\n","protected":false},"excerpt":{"rendered":"<p>\u201cEl Macho Dominicano\u201d El Bronco hace su regreso al ambiente de la lucha libre boricua este s\u00e1bado 10 de agosto en el evento Pena Capital de la WWL.<\/p>\n","protected":false},"author":1,"featured_media":115867,"comment_status":"open","ping_status":"closed","sticky":false,"template":"","format":"standard","meta":{"footnotes":""},"categories":[5],"tags":[1478],"class_list":{"0":"post-115866","1":"post","2":"type-post","3":"status-publish","4":"format-standard","5":"has-post-thumbnail","7":"category-noticias","8":"tag-wwl"},"_links":{"self":[{"href":"https:\/\/www.prwrestling.com\/nw\/wp-json\/wp\/v2\/posts\/115866","targetHints":{"allow":["GET"]}}],"collection":[{"href":"https:\/\/www.prwrestling.com\/nw\/wp-json\/wp\/v2\/posts"}],"about":[{"href":"https:\/\/www.prwrestling.com\/nw\/wp-json\/wp\/v2\/types\/post"}],"author":[{"embeddable":true,"href":"https:\/\/www.prwrestling.com\/nw\/wp-json\/wp\/v2\/users\/1"}],"replies":[{"embeddable":true,"href":"https:\/\/www.prwrestling.com\/nw\/wp-json\/wp\/v2\/comments?post=115866"}],"version-history":[{"count":1,"href":"https:\/\/www.prwrestling.com\/nw\/wp-json\/wp\/v2\/posts\/115866\/revisions"}],"predecessor-version":[{"id":115868,"href":"https:\/\/www.prwrestling.com\/nw\/wp-json\/wp\/v2\/posts\/115866\/revisions\/115868"}],"wp:featuredmedia":[{"embeddable":true,"href":"https:\/\/www.prwrestling.com\/nw\/wp-json\/wp\/v2\/media\/115867"}],"wp:attachment":[{"href":"https:\/\/www.prwrestling.com\/nw\/wp-json\/wp\/v2\/media?parent=115866"}],"wp:term":[{"taxonomy":"category","embeddable":true,"href":"https:\/\/www.prwrestling.com\/nw\/wp-json\/wp\/v2\/categories?post=115866"},{"taxonomy":"post_tag","embeddable":true,"href":"https:\/\/www.prwrestling.com\/nw\/wp-json\/wp\/v2\/tags?post=115866"}],"curies":[{"name":"wp","href":"https:\/\/api.w.org\/{rel}","templated":true}]}}