{"id":116163,"date":"2019-08-23T17:32:32","date_gmt":"2019-08-23T21:32:32","guid":{"rendered":"https:\/\/www.prwrestling.com\/nw\/?p=116163"},"modified":"2019-08-23T17:32:32","modified_gmt":"2019-08-23T21:32:32","slug":"moxley-fuera-de-all-out-por-lesion","status":"publish","type":"post","link":"https:\/\/www.prwrestling.com\/nw\/moxley-fuera-de-all-out-por-lesion\/","title":{"rendered":"Moxley fuera de All Out por lesion"},"content":{"rendered":"<p>Jon Moxley se expreso en Twitter hoy para anunciar que no podr\u00e1 competir en All Out de AEW debido a un caso grave de MRSA (infecci\u00f3n por estafilococos) en el codo. <!--more-->Moxley estaba programado para enfrentarse a Kenny Omega en el evento.<br \/>\n<div id=\"ad-slot\" style=\"min-width: 300px; min-height: 250px;\">\r\n<p style=\"text-align: center;\">\r\n<script async src=\"https:\/\/pagead2.googlesyndication.com\/pagead\/js\/adsbygoogle.js\"><\/script>\r\n<!-- 300x250 sc a -->\r\n<ins class=\"adsbygoogle\"\r\n     style=\"display:inline-block;width:300px;height:250px\"\r\n     data-ad-client=\"ca-pub-1244235910658811\"\r\n     data-ad-slot=\"8592682546\"><\/ins>\r\n<script>\r\n     (adsbygoogle = window.adsbygoogle || []).push({});\r\n<\/script><\/center>\r\n<\/p><\/div><br \/>\n&#8220;Estoy absolutamente destripado por tener que dar esta noticia, pero prefiero que venga directamente de m\u00ed. En un escenario de pesadilla, un caso grave de MRSA ha regresado en mi codo. El momento no podr\u00eda ser peor. En esta circunstancia Me veo obligado a abandonar la pelea el 8\/31 contra Omega en All Out &#8220;, escribi\u00f3 Moxley.<\/p>\n<p>Se inform\u00f3 a principios de esta semana, a trav\u00e9s del Wrestling Observer Newsletter, que Moxley estaba lidiando con alg\u00fan tipo de lesi\u00f3n en el codo, que podr\u00eda haber sido una infecci\u00f3n sufrida en sus recientes fechas de New Japan Pro Wrestling en Jap\u00f3n. Esto confirma esos informes.<\/p>\n<p>El vicepresidente ejecutivo de AEW, Cody Rhodes, confirm\u00f3 que pronto se anunciar\u00e1 un reemplazo.<\/p>\n<p>Cody tuite\u00f3: &#8220;Noticias muy desgarradoras. La salud y la seguridad de Jon son primordiales para todos nosotros. Intentaremos activamente reprogramar este encuentro en el futuro. Pronto se anunciar\u00e1 un reemplazo para All Out. Nuestros pensamientos est\u00e1n con Jon&#8221;.<div id=\"ad-slot\" style=\"min-width: 300px; min-height: 250px;\">\r\n<p style=\"text-align: center;\">\r\n<script async src=\"https:\/\/pagead2.googlesyndication.com\/pagead\/js\/adsbygoogle.js\"><\/script>\r\n<!-- 300x250 sc a -->\r\n<ins class=\"adsbygoogle\"\r\n     style=\"display:inline-block;width:300px;height:250px\"\r\n     data-ad-client=\"ca-pub-1244235910658811\"\r\n     data-ad-slot=\"8592682546\"><\/ins>\r\n<script>\r\n     (adsbygoogle = window.adsbygoogle || []).push({});\r\n<\/script><\/center>\r\n<\/p><\/div><\/p>\n","protected":false},"excerpt":{"rendered":"<p>Jon Moxley se expreso en Twitter hoy para anunciar que no podr\u00e1 competir en All Out de AEW debido a un caso grave de MRSA (infecci\u00f3n por estafilococos) en el codo.<\/p>\n","protected":false},"author":3,"featured_media":115448,"comment_status":"closed","ping_status":"closed","sticky":false,"template":"","format":"standard","meta":{"footnotes":""},"categories":[5,1],"tags":[],"class_list":{"0":"post-116163","1":"post","2":"type-post","3":"status-publish","4":"format-standard","5":"has-post-thumbnail","7":"category-noticias","8":"category-all-elite-wrestling"},"_links":{"self":[{"href":"https:\/\/www.prwrestling.com\/nw\/wp-json\/wp\/v2\/posts\/116163","targetHints":{"allow":["GET"]}}],"collection":[{"href":"https:\/\/www.prwrestling.com\/nw\/wp-json\/wp\/v2\/posts"}],"about":[{"href":"https:\/\/www.prwrestling.com\/nw\/wp-json\/wp\/v2\/types\/post"}],"author":[{"embeddable":true,"href":"https:\/\/www.prwrestling.com\/nw\/wp-json\/wp\/v2\/users\/3"}],"replies":[{"embeddable":true,"href":"https:\/\/www.prwrestling.com\/nw\/wp-json\/wp\/v2\/comments?post=116163"}],"version-history":[{"count":2,"href":"https:\/\/www.prwrestling.com\/nw\/wp-json\/wp\/v2\/posts\/116163\/revisions"}],"predecessor-version":[{"id":116166,"href":"https:\/\/www.prwrestling.com\/nw\/wp-json\/wp\/v2\/posts\/116163\/revisions\/116166"}],"wp:featuredmedia":[{"embeddable":true,"href":"https:\/\/www.prwrestling.com\/nw\/wp-json\/wp\/v2\/media\/115448"}],"wp:attachment":[{"href":"https:\/\/www.prwrestling.com\/nw\/wp-json\/wp\/v2\/media?parent=116163"}],"wp:term":[{"taxonomy":"category","embeddable":true,"href":"https:\/\/www.prwrestling.com\/nw\/wp-json\/wp\/v2\/categories?post=116163"},{"taxonomy":"post_tag","embeddable":true,"href":"https:\/\/www.prwrestling.com\/nw\/wp-json\/wp\/v2\/tags?post=116163"}],"curies":[{"name":"wp","href":"https:\/\/api.w.org\/{rel}","templated":true}]}}