{"id":116605,"date":"2019-09-11T13:06:01","date_gmt":"2019-09-11T17:06:01","guid":{"rendered":"https:\/\/www.prwrestling.com\/nw\/?p=116605"},"modified":"2019-09-11T13:06:01","modified_gmt":"2019-09-11T17:06:01","slug":"angle-tiene-nuevo-rol-en-wwe","status":"publish","type":"post","link":"https:\/\/www.prwrestling.com\/nw\/angle-tiene-nuevo-rol-en-wwe\/","title":{"rendered":"Angle tiene nuevo rol en WWE"},"content":{"rendered":"<p>El miembro del Sal\u00f3n de la Fama de la WWE, Kurt Angle, ahora trabaja a tiempo completo como productor para la compa\u00f1\u00eda, seg\u00fan PWInsider.<!--more--><div id=\"ad-slot\" style=\"min-width: 300px; min-height: 250px;\">\r\n<p style=\"text-align: center;\">\r\n<!-- Site name: prwrestling.com\r\nZone name: prwrestling.com_banner_300x250\r\nZone id: 2109741734\r\nType: banner\r\nFormat: 300x250\r\n --> \r\n\r\n<!-- Copy and paste this code on the page. -->\r\n<div id='zone_2109741734' ><\/div>\r\n<script>\r\n    (function(w,d,o,g,r,a,m){\r\n        var cid='zone_2109741734';\r\n        w[r]=w[r]||function(){(w[r+'l']=w[r+'l']||[]).push(arguments)};\r\n        function e(b,w,r){if((w[r+'h']=b.pop())&&!w.ABN){\r\n            var a=d.createElement(o),p=d.getElementsByTagName(o)[0];a.async=1;\r\n            a.src='https:\/\/cdn.'+w[r+'h']+'\/libs\/e.js';a.onerror=function(){e(g,w,r)};\r\n            p.parentNode.insertBefore(a,p)}}e(g,w,r);\r\n        w[r](cid,{id:2109741734,domain:w[r+'h']});\r\n    })(window,document,'script',['traffmovie.com'],'ABNS');\r\n<\/script>\r\n\r\n<!--\r\nWhen setting the zone code, make sure:\r\n  - you have provided all domains from which the area code will be called\r\n  - the site does not limit the loading in the Content Security Policy\r\n  - the area code is installed in the ad space inside the page\r\n  - site layout allows you to display the banner on mobile devices in full size\r\nUse data-cp1={customParam1} data-cp2={customParam2}... attributes for sending custom params\r\n-->\r\n<\/p><\/div><br \/>\nAngle est\u00e1 trabajando detr\u00e1s de escena para la marca RAW, por lo que estuvo detr\u00e1s del escenario para los programas de televisi\u00f3n de esta semana en el Madison Square Garden en la ciudad de Nueva York.<\/p>\n<p>Angle, quien perdi\u00f3 su lucha de retiro contra Baron Corbin en WrestleMania 35 a principios de este a\u00f1o, ha pasado los \u00faltimos meses trabajando jubto a otros productores detr\u00e1s del escenario para aprender el rol.<\/p>\n","protected":false},"excerpt":{"rendered":"<p>El miembro del Sal\u00f3n de la Fama de la WWE, Kurt Angle, ahora trabaja a tiempo completo como productor para la compa\u00f1\u00eda, seg\u00fan PWInsider.<\/p>\n","protected":false},"author":1,"featured_media":107031,"comment_status":"closed","ping_status":"closed","sticky":false,"template":"","format":"standard","meta":{"footnotes":""},"categories":[5,38],"tags":[1660,9],"class_list":["post-116605","post","type-post","status-publish","format-standard","has-post-thumbnail","category-noticias","category-noticias-y-rumores-de-la-wwe","tag-kurt-angle","tag-wwe"],"_links":{"self":[{"href":"https:\/\/www.prwrestling.com\/nw\/wp-json\/wp\/v2\/posts\/116605","targetHints":{"allow":["GET"]}}],"collection":[{"href":"https:\/\/www.prwrestling.com\/nw\/wp-json\/wp\/v2\/posts"}],"about":[{"href":"https:\/\/www.prwrestling.com\/nw\/wp-json\/wp\/v2\/types\/post"}],"author":[{"embeddable":true,"href":"https:\/\/www.prwrestling.com\/nw\/wp-json\/wp\/v2\/users\/1"}],"replies":[{"embeddable":true,"href":"https:\/\/www.prwrestling.com\/nw\/wp-json\/wp\/v2\/comments?post=116605"}],"version-history":[{"count":1,"href":"https:\/\/www.prwrestling.com\/nw\/wp-json\/wp\/v2\/posts\/116605\/revisions"}],"predecessor-version":[{"id":116606,"href":"https:\/\/www.prwrestling.com\/nw\/wp-json\/wp\/v2\/posts\/116605\/revisions\/116606"}],"wp:featuredmedia":[{"embeddable":true,"href":"https:\/\/www.prwrestling.com\/nw\/wp-json\/wp\/v2\/media\/107031"}],"wp:attachment":[{"href":"https:\/\/www.prwrestling.com\/nw\/wp-json\/wp\/v2\/media?parent=116605"}],"wp:term":[{"taxonomy":"category","embeddable":true,"href":"https:\/\/www.prwrestling.com\/nw\/wp-json\/wp\/v2\/categories?post=116605"},{"taxonomy":"post_tag","embeddable":true,"href":"https:\/\/www.prwrestling.com\/nw\/wp-json\/wp\/v2\/tags?post=116605"}],"curies":[{"name":"wp","href":"https:\/\/api.w.org\/{rel}","templated":true}]}}