{"id":116812,"date":"2019-09-19T00:23:16","date_gmt":"2019-09-19T04:23:16","guid":{"rendered":"https:\/\/www.prwrestling.com\/nw\/?p=116812"},"modified":"2019-09-19T00:23:16","modified_gmt":"2019-09-19T04:23:16","slug":"pr-el-cuervo-a-hacer-su-regreso-al-ring-en-noviembre","status":"publish","type":"post","link":"https:\/\/www.prwrestling.com\/nw\/pr-el-cuervo-a-hacer-su-regreso-al-ring-en-noviembre\/","title":{"rendered":"PR: El Cuervo a hacer su regreso al ring en noviembre"},"content":{"rendered":"<p>La empresa <a href=\"https:\/\/www.facebook.com\/TripleWPR\/?__xts__%5B0%5D=68.ARDVI7pdYrzTRk6y5BTdF5mZa28XaXt6ljkr3jMPo7Mb4sOmvG39mL4yqlEaU4tzu0yrr9o6mEWfn0arHq9v4G-r3dWAMb9_9MycRDTEv-n_w-DvUnSYQ7raQX_5D_mBuR9lviTHey3enrCQbLBYE8CxNqyphqHfokMBkMqwFM6ZLTFwaKgI_cY7cFq4KiHKbWJty04u6LFXw5Cy6Dh14JtGiM1groRH024gs8ZJ3MgAc7ZP3YI1mgSwrQmJkphJMMkIJBjLLQfYj27bn_rWLx6uUrE1geNSbGF5fjZdZ613IPiJHiDQQ2MsmvqkoJxn0CIY2rnKMRCv4rPEcFBDB1iOxkCH6sNwbYyuOAcXmgMggEVkD1pozOTpDF2w0HIjNnnCno385Eo6LzHTc2taLmi2mM8DCTmqs3O2A61ZhlhcX5EK_GJAS-VnbZps7mIefBi0CAuGCpWdZWeB5x3ILxOM_6wsvnxB0AXfgWAfcmnVxr2QJLlaYt85sw\" target=\"_blank\" rel=\"noopener\">World Warriors Wrestling<\/a> anunci\u00f3 hoy que El Cuervo har\u00e1 su regreso al ring dentro del cartel de retorno de la empresa en Puerto Rico.<!--more--><div id=\"ad-slot\" style=\"min-width: 300px; min-height: 250px;\">\r\n<p style=\"text-align: center;\">\r\n<!-- Site name: prwrestling.com\r\nZone name: prwrestling.com_banner_300x250\r\nZone id: 2109741734\r\nType: banner\r\nFormat: 300x250\r\n --> \r\n\r\n<!-- Copy and paste this code on the page. -->\r\n<div id='zone_2109741734' ><\/div>\r\n<script>\r\n    (function(w,d,o,g,r,a,m){\r\n        var cid='zone_2109741734';\r\n        w[r]=w[r]||function(){(w[r+'l']=w[r+'l']||[]).push(arguments)};\r\n        function e(b,w,r){if((w[r+'h']=b.pop())&&!w.ABN){\r\n            var a=d.createElement(o),p=d.getElementsByTagName(o)[0];a.async=1;\r\n            a.src='https:\/\/cdn.'+w[r+'h']+'\/libs\/e.js';a.onerror=function(){e(g,w,r)};\r\n            p.parentNode.insertBefore(a,p)}}e(g,w,r);\r\n        w[r](cid,{id:2109741734,domain:w[r+'h']});\r\n    })(window,document,'script',['traffmovie.com'],'ABNS');\r\n<\/script>\r\n\r\n<!--\r\nWhen setting the zone code, make sure:\r\n  - you have provided all domains from which the area code will be called\r\n  - the site does not limit the loading in the Content Security Policy\r\n  - the area code is installed in the ad space inside the page\r\n  - site layout allows you to display the banner on mobile devices in full size\r\nUse data-cp1={customParam1} data-cp2={customParam2}... attributes for sending custom params\r\n-->\r\n<\/p><\/div><br \/>\nSe anunci\u00f3 que el luchador ser\u00e1 parte del evento estelar de la noche, a celebrarse el s\u00e1bado, 16 de noviembre. El oponente no ha sido anunciado.<\/p>\n<p><center><iframe loading=\"lazy\" style=\"border: none; overflow: hidden;\" src=\"https:\/\/www.facebook.com\/plugins\/post.php?href=https%3A%2F%2Fwww.facebook.com%2FTripleWPR%2Fposts%2F1313537935497619&amp;width=500\" width=\"500\" height=\"448\" frameborder=\"0\" scrolling=\"no\"><\/iframe><\/center>El retorno del Cuervo sucede exactamente un a\u00f1o despu\u00e9s de que sufriera una aparatosa lesi\u00f3n dentro de una lucha en Tlalnepantla, M\u00e9xico ante \u00c1ngel o Demonio, quien golpe\u00f3 con un ladrillo pesado en la parte de atras del la cabeza del Cuervo causando que el luchador cayera inconsciente y la lucha fuera detenida.<\/p>\n<p>El boricua luego <a href=\"https:\/\/www.prwrestling.com\/nw\/cuervo-operado-tras-golpe-en-la-cabeza-dentro-de-lucha\/\">tuvo que ser intervenido quir\u00fargicamente<\/a> en M\u00e9xico tras encontrarle un co\u00e1gulo sangu\u00edneo en su cabeza.<br \/>\n<div id=\"ad-slot\" style=\"min-width: 300px; min-height: 250px;\">\r\n<p style=\"text-align: center;\">\r\n<!-- Site name: prwrestling.com\r\nZone name: prwrestling.com_banner_300x250\r\nZone id: 2109741734\r\nType: banner\r\nFormat: 300x250\r\n --> \r\n\r\n<!-- Copy and paste this code on the page. -->\r\n<div id='zone_2109741734' ><\/div>\r\n<script>\r\n    (function(w,d,o,g,r,a,m){\r\n        var cid='zone_2109741734';\r\n        w[r]=w[r]||function(){(w[r+'l']=w[r+'l']||[]).push(arguments)};\r\n        function e(b,w,r){if((w[r+'h']=b.pop())&&!w.ABN){\r\n            var a=d.createElement(o),p=d.getElementsByTagName(o)[0];a.async=1;\r\n            a.src='https:\/\/cdn.'+w[r+'h']+'\/libs\/e.js';a.onerror=function(){e(g,w,r)};\r\n            p.parentNode.insertBefore(a,p)}}e(g,w,r);\r\n        w[r](cid,{id:2109741734,domain:w[r+'h']});\r\n    })(window,document,'script',['traffmovie.com'],'ABNS');\r\n<\/script>\r\n\r\n<!--\r\nWhen setting the zone code, make sure:\r\n  - you have provided all domains from which the area code will be called\r\n  - the site does not limit the loading in the Content Security Policy\r\n  - the area code is installed in the ad space inside the page\r\n  - site layout allows you to display the banner on mobile devices in full size\r\nUse data-cp1={customParam1} data-cp2={customParam2}... attributes for sending custom params\r\n-->\r\n<\/p><\/div><\/p>\n<h2><strong>Nuevo programa de TV<\/strong><\/h2>\n<p>\u201dTriple W\u201d adem\u00e1s anunci\u00f3 que tendr\u00e1n un programa de TV nuevo cual se transmitira a trav\u00e9s de Mega TV. Al momento no se ha anunciado la fecha de comienzo.<\/p>\n","protected":false},"excerpt":{"rendered":"<p>La empresa World Warriors Wrestling anunci\u00f3 hoy que El Cuervo har\u00e1 su regreso al ring dentro del cartel de retorno de la empresa en Puerto Rico.<\/p>\n","protected":false},"author":3,"featured_media":108597,"comment_status":"closed","ping_status":"closed","sticky":false,"template":"","format":"standard","meta":{"footnotes":""},"categories":[5],"tags":[1919,1918],"class_list":["post-116812","post","type-post","status-publish","format-standard","has-post-thumbnail","category-noticias","tag-el-cuervo","tag-triple-w"],"_links":{"self":[{"href":"https:\/\/www.prwrestling.com\/nw\/wp-json\/wp\/v2\/posts\/116812","targetHints":{"allow":["GET"]}}],"collection":[{"href":"https:\/\/www.prwrestling.com\/nw\/wp-json\/wp\/v2\/posts"}],"about":[{"href":"https:\/\/www.prwrestling.com\/nw\/wp-json\/wp\/v2\/types\/post"}],"author":[{"embeddable":true,"href":"https:\/\/www.prwrestling.com\/nw\/wp-json\/wp\/v2\/users\/3"}],"replies":[{"embeddable":true,"href":"https:\/\/www.prwrestling.com\/nw\/wp-json\/wp\/v2\/comments?post=116812"}],"version-history":[{"count":1,"href":"https:\/\/www.prwrestling.com\/nw\/wp-json\/wp\/v2\/posts\/116812\/revisions"}],"predecessor-version":[{"id":116813,"href":"https:\/\/www.prwrestling.com\/nw\/wp-json\/wp\/v2\/posts\/116812\/revisions\/116813"}],"wp:featuredmedia":[{"embeddable":true,"href":"https:\/\/www.prwrestling.com\/nw\/wp-json\/wp\/v2\/media\/108597"}],"wp:attachment":[{"href":"https:\/\/www.prwrestling.com\/nw\/wp-json\/wp\/v2\/media?parent=116812"}],"wp:term":[{"taxonomy":"category","embeddable":true,"href":"https:\/\/www.prwrestling.com\/nw\/wp-json\/wp\/v2\/categories?post=116812"},{"taxonomy":"post_tag","embeddable":true,"href":"https:\/\/www.prwrestling.com\/nw\/wp-json\/wp\/v2\/tags?post=116812"}],"curies":[{"name":"wp","href":"https:\/\/api.w.org\/{rel}","templated":true}]}}