{"id":11725,"date":"2017-02-14T20:55:54","date_gmt":"2017-02-15T01:55:54","guid":{"rendered":"http:\/\/prwrestling.com\/nw\/?p=11725"},"modified":"2017-02-14T20:58:08","modified_gmt":"2017-02-15T01:58:08","slug":"se-retira-lesnar-de-ufc","status":"publish","type":"post","link":"https:\/\/www.prwrestling.com\/nw\/se-retira-lesnar-de-ufc\/","title":{"rendered":"SE RETIRA LESNAR DE UFC"},"content":{"rendered":"<p><a href=\"http:\/\/prwrestling.com\/nw\/wp-content\/uploads\/2014\/12\/brock-lesnar.jpg\" target=\"_blank\" rel=\"noopener\"><img loading=\"lazy\" decoding=\"async\" class=\"alignnone  wp-image-2419\" alt=\"brock lesnar\" src=\"http:\/\/prwrestling.com\/nw\/wp-content\/uploads\/2014\/12\/brock-lesnar.jpg\" width=\"315\" height=\"210\" srcset=\"https:\/\/www.prwrestling.com\/nw\/wp-content\/uploads\/2014\/12\/brock-lesnar.jpg 450w, https:\/\/www.prwrestling.com\/nw\/wp-content\/uploads\/2014\/12\/brock-lesnar-300x200.jpg 300w\" sizes=\"auto, (max-width: 315px) 100vw, 315px\" \/><\/a><\/p>\n<p><em>De acuerdo con un portavoz de UFC, Brock Lesnar ha notificado a Ultimate Fighting Championship ( UFC ) que se retira como peleador profesional de las Artes Marciales Mixtas.<!--more--><\/em> <script type=\"text\/javascript\">\/\/ <![CDATA[\n    google_ad_client = \"ca-pub-4432518938189770\";\n    google_ad_slot = \"8848533845\";\n    google_ad_width = 300;\n    google_ad_height = 250;\n\/\/ ]]><\/script><br \/>\n<!-- 300 x 200 - rpeortajes --><br \/>\n<script type=\"text\/javascript\" src=\"\/\/pagead2.googlesyndication.com\/pagead\/show_ads.js\">\/\/ <![CDATA[\n\n\/\/ ]]><\/script><br \/>\nAunque no se ha hecho ning\u00fan anuncio oficial de Brock, MMAFighting.com informa que Brock se ha retirado de la UFC y ha sido retirado de la lista de pruebas de drogas de USADA. Esto significa que la Superestrella de la WWE ya no est\u00e1 oficialmente en la lista del UFC.<\/p>\n<p>Tambi\u00e9n se observ\u00f3 en varios puntos de venta de MMA que el nombre de Lesnar fue removido de la lista oficial de la UFC.<\/p>\n<p>En su \u00faltima pelea en el oct\u00e1gono, Brock Lesnar apareci\u00f3 en UFC 200 luego de cinco a\u00f1os inactivos y venci\u00f3 por decisi\u00f3n un\u00e1nime a Mark Hunt. Luego de la pelea, Lesnar arroj\u00f3 positivo a clomiphene en el control de dopaje.<script type=\"text\/javascript\">\/\/ <![CDATA[\n    google_ad_client = \"ca-pub-4432518938189770\";\n    google_ad_slot = \"8848533845\";\n    google_ad_width = 300;\n    google_ad_height = 250;\n\/\/ ]]><\/script><br \/>\n<!-- 300 x 200 - rpeortajes --><br \/>\n<script type=\"text\/javascript\" src=\"\/\/pagead2.googlesyndication.com\/pagead\/show_ads.js\">\/\/ <![CDATA[\n\n\/\/ ]]><\/script><\/p>\n","protected":false},"excerpt":{"rendered":"<p>De acuerdo con un portavoz de UFC, Brock Lesnar ha notificado a Ultimate Fighting Championship ( UFC ) que se retira como peleador profesional de las Artes Marciales Mixtas.<\/p>\n","protected":false},"author":1,"featured_media":3414,"comment_status":"closed","ping_status":"closed","sticky":false,"template":"","format":"standard","meta":{"footnotes":""},"categories":[5],"tags":[],"class_list":{"0":"post-11725","1":"post","2":"type-post","3":"status-publish","4":"format-standard","5":"has-post-thumbnail","7":"category-noticias"},"_links":{"self":[{"href":"https:\/\/www.prwrestling.com\/nw\/wp-json\/wp\/v2\/posts\/11725","targetHints":{"allow":["GET"]}}],"collection":[{"href":"https:\/\/www.prwrestling.com\/nw\/wp-json\/wp\/v2\/posts"}],"about":[{"href":"https:\/\/www.prwrestling.com\/nw\/wp-json\/wp\/v2\/types\/post"}],"author":[{"embeddable":true,"href":"https:\/\/www.prwrestling.com\/nw\/wp-json\/wp\/v2\/users\/1"}],"replies":[{"embeddable":true,"href":"https:\/\/www.prwrestling.com\/nw\/wp-json\/wp\/v2\/comments?post=11725"}],"version-history":[{"count":3,"href":"https:\/\/www.prwrestling.com\/nw\/wp-json\/wp\/v2\/posts\/11725\/revisions"}],"predecessor-version":[{"id":11729,"href":"https:\/\/www.prwrestling.com\/nw\/wp-json\/wp\/v2\/posts\/11725\/revisions\/11729"}],"wp:featuredmedia":[{"embeddable":true,"href":"https:\/\/www.prwrestling.com\/nw\/wp-json\/wp\/v2\/media\/3414"}],"wp:attachment":[{"href":"https:\/\/www.prwrestling.com\/nw\/wp-json\/wp\/v2\/media?parent=11725"}],"wp:term":[{"taxonomy":"category","embeddable":true,"href":"https:\/\/www.prwrestling.com\/nw\/wp-json\/wp\/v2\/categories?post=11725"},{"taxonomy":"post_tag","embeddable":true,"href":"https:\/\/www.prwrestling.com\/nw\/wp-json\/wp\/v2\/tags?post=11725"}],"curies":[{"name":"wp","href":"https:\/\/api.w.org\/{rel}","templated":true}]}}