{"id":117405,"date":"2019-10-07T19:25:46","date_gmt":"2019-10-07T23:25:46","guid":{"rendered":"https:\/\/www.prwrestling.com\/nw\/?p=117405"},"modified":"2019-10-07T19:25:46","modified_gmt":"2019-10-07T23:25:46","slug":"reportan-lesiones-de-wyatt-y-banks","status":"publish","type":"post","link":"https:\/\/www.prwrestling.com\/nw\/reportan-lesiones-de-wyatt-y-banks\/","title":{"rendered":"Reportan lesiones de Wyatt y Banks"},"content":{"rendered":"<p>Seg\u00fan  informes, Sasha Banks y &#8220;The Fiend&#8221; Bray Wyatt sufrieron lesiones en Hell In a Cell.<!--more--><\/p>\n<p>A\u00fan no se sabe nada sobre los detalles de las lesiones, pero John Pollock de POST Wrestling informa que Banks y Wyatt no est\u00e1n m\u00e9dicamente autorizados para competir en RAW de esta noche. No hubo una l\u00ednea de tiempo prevista para sus regresos, y no hay indicios de que ninguna lesi\u00f3n sea grave.<br \/>\n<div id=\"ad-slot\" style=\"min-width: 300px; min-height: 250px;\">\r\n<p style=\"text-align: center;\">\r\n<!-- Site name: prwrestling.com\r\nZone name: prwrestling.com_banner_300x250\r\nZone id: 2109741734\r\nType: banner\r\nFormat: 300x250\r\n --> \r\n\r\n<!-- Copy and paste this code on the page. -->\r\n<div id='zone_2109741734' ><\/div>\r\n<script>\r\n    (function(w,d,o,g,r,a,m){\r\n        var cid='zone_2109741734';\r\n        w[r]=w[r]||function(){(w[r+'l']=w[r+'l']||[]).push(arguments)};\r\n        function e(b,w,r){if((w[r+'h']=b.pop())&&!w.ABN){\r\n            var a=d.createElement(o),p=d.getElementsByTagName(o)[0];a.async=1;\r\n            a.src='https:\/\/cdn.'+w[r+'h']+'\/libs\/e.js';a.onerror=function(){e(g,w,r)};\r\n            p.parentNode.insertBefore(a,p)}}e(g,w,r);\r\n        w[r](cid,{id:2109741734,domain:w[r+'h']});\r\n    })(window,document,'script',['traffmovie.com'],'ABNS');\r\n<\/script>\r\n\r\n<!--\r\nWhen setting the zone code, make sure:\r\n  - you have provided all domains from which the area code will be called\r\n  - the site does not limit the loading in the Content Security Policy\r\n  - the area code is installed in the ad space inside the page\r\n  - site layout allows you to display the banner on mobile devices in full size\r\nUse data-cp1={customParam1} data-cp2={customParam2}... attributes for sending custom params\r\n-->\r\n<\/p><\/div><br \/>\nBanks perdi\u00f3 ante Becky Lynch en la lucha inaugural del evento anoche desde el Golden1 Center en Sacramento, California. <\/p>\n<p>Wyatt se enfrent\u00f3 al Campe\u00f3n Universal de la WWE Seth Rollins en el evento estelar, que termin\u00f3 con la detenci\u00f3n del \u00e1rbitro de manera controvertida. Ambos combates tuvieron lugar dentro de la estructura Hell In a Cell.<\/p>\n","protected":false},"excerpt":{"rendered":"<p>Seg\u00fan informes, Sasha Banks y &#8220;The Fiend&#8221; Bray Wyatt sufrieron lesiones en Hell In a Cell.<\/p>\n","protected":false},"author":3,"featured_media":10968,"comment_status":"open","ping_status":"closed","sticky":false,"template":"","format":"standard","meta":{"footnotes":""},"categories":[5,38],"tags":[9],"class_list":["post-117405","post","type-post","status-publish","format-standard","has-post-thumbnail","category-noticias","category-noticias-y-rumores-de-la-wwe","tag-wwe"],"_links":{"self":[{"href":"https:\/\/www.prwrestling.com\/nw\/wp-json\/wp\/v2\/posts\/117405","targetHints":{"allow":["GET"]}}],"collection":[{"href":"https:\/\/www.prwrestling.com\/nw\/wp-json\/wp\/v2\/posts"}],"about":[{"href":"https:\/\/www.prwrestling.com\/nw\/wp-json\/wp\/v2\/types\/post"}],"author":[{"embeddable":true,"href":"https:\/\/www.prwrestling.com\/nw\/wp-json\/wp\/v2\/users\/3"}],"replies":[{"embeddable":true,"href":"https:\/\/www.prwrestling.com\/nw\/wp-json\/wp\/v2\/comments?post=117405"}],"version-history":[{"count":1,"href":"https:\/\/www.prwrestling.com\/nw\/wp-json\/wp\/v2\/posts\/117405\/revisions"}],"predecessor-version":[{"id":117406,"href":"https:\/\/www.prwrestling.com\/nw\/wp-json\/wp\/v2\/posts\/117405\/revisions\/117406"}],"wp:featuredmedia":[{"embeddable":true,"href":"https:\/\/www.prwrestling.com\/nw\/wp-json\/wp\/v2\/media\/10968"}],"wp:attachment":[{"href":"https:\/\/www.prwrestling.com\/nw\/wp-json\/wp\/v2\/media?parent=117405"}],"wp:term":[{"taxonomy":"category","embeddable":true,"href":"https:\/\/www.prwrestling.com\/nw\/wp-json\/wp\/v2\/categories?post=117405"},{"taxonomy":"post_tag","embeddable":true,"href":"https:\/\/www.prwrestling.com\/nw\/wp-json\/wp\/v2\/tags?post=117405"}],"curies":[{"name":"wp","href":"https:\/\/api.w.org\/{rel}","templated":true}]}}