{"id":117417,"date":"2019-10-08T08:54:17","date_gmt":"2019-10-08T12:54:17","guid":{"rendered":"https:\/\/www.prwrestling.com\/nw\/?p=117417"},"modified":"2019-10-08T09:02:56","modified_gmt":"2019-10-08T13:02:56","slug":"reporte-asuka-tomara-puesto-de-banks-en-rina-con-lynch","status":"publish","type":"post","link":"https:\/\/www.prwrestling.com\/nw\/reporte-asuka-tomara-puesto-de-banks-en-rina-con-lynch\/","title":{"rendered":"Reporte: Asuka tomar\u00e1 puesto de Banks en ri\u00f1a con Lynch"},"content":{"rendered":"<p>RAW de esta semana vio a las nuevas Campeonas del Asuka y Kairi Sane derrotar a la Campeona Femenina RAW Becky Lynch y a la nueva Campeona Femenina de SmackDown Charlotte Flair en un combate no titular. <!--more--><\/p>\n<p>Las Kabuki Warriors ganaron la lucha de la misma manera que ganaron los t\u00edtulos de Alexa Bliss y Nikki Cross el domingo en Hell In a Cell &#8211; Asuka usando niebla verde. Asuka escupi\u00f3 el l\u00edquido el domingo, luego en la cara de Lynch en RAW.<br \/>\n<div id=\"ad-slot\" style=\"min-width: 300px; min-height: 250px;\">\r\n<p style=\"text-align: center;\">\r\n<!-- Site name: prwrestling.com\r\nZone name: prwrestling.com_banner_300x250\r\nZone id: 2109741734\r\nType: banner\r\nFormat: 300x250\r\n --> \r\n\r\n<!-- Copy and paste this code on the page. -->\r\n<div id='zone_2109741734' ><\/div>\r\n<script>\r\n    (function(w,d,o,g,r,a,m){\r\n        var cid='zone_2109741734';\r\n        w[r]=w[r]||function(){(w[r+'l']=w[r+'l']||[]).push(arguments)};\r\n        function e(b,w,r){if((w[r+'h']=b.pop())&&!w.ABN){\r\n            var a=d.createElement(o),p=d.getElementsByTagName(o)[0];a.async=1;\r\n            a.src='https:\/\/cdn.'+w[r+'h']+'\/libs\/e.js';a.onerror=function(){e(g,w,r)};\r\n            p.parentNode.insertBefore(a,p)}}e(g,w,r);\r\n        w[r](cid,{id:2109741734,domain:w[r+'h']});\r\n    })(window,document,'script',['traffmovie.com'],'ABNS');\r\n<\/script>\r\n\r\n<!--\r\nWhen setting the zone code, make sure:\r\n  - you have provided all domains from which the area code will be called\r\n  - the site does not limit the loading in the Content Security Policy\r\n  - the area code is installed in the ad space inside the page\r\n  - site layout allows you to display the banner on mobile devices in full size\r\nUse data-cp1={customParam1} data-cp2={customParam2}... attributes for sending custom params\r\n-->\r\n<\/p><\/div><br \/>\nLynch se expres\u00f3 en Twitter despu\u00e9s de RAW y dijo que espera que esto signifique una guerra con Asuka.<\/p>\n<p>Se reporta que Asuka estar\u00e1 tomando el puesto de Sasha Banks como contrincante de Lynch, esto tras conocerse que Sasha sufri\u00f3 una lesi\u00f3n en su combate dentro del Hell in a Cell el domingo. <\/p>\n<p>Al momento no se sabe mas sobre la lastimadura pero se cree que mantendr\u00e1 a la luchadora suficiente tiempo fuera para WWE haber tenido que decidir en el cambio de direcci\u00f3n.<\/p>\n<p>Puedes ver su intercambio completo a continuaci\u00f3n:<\/p>\n<blockquote class=\"twitter-tweet\">\n<p lang=\"en\" dir=\"ltr\">&#x1f348;&#x1f64f;&#x1f60b; Oh, it looks so delicious!<br \/>I really want to try it! <a href=\"https:\/\/t.co\/Eby26cGdnl\">https:\/\/t.co\/Eby26cGdnl<\/a><\/p>\n<p>&mdash; ASUKA \/ \u660e\u65e5\u83ef (@WWEAsuka) <a href=\"https:\/\/twitter.com\/WWEAsuka\/status\/1181418666845331456?ref_src=twsrc%5Etfw\" target=\"_blank\" rel=\"noopener\">October 8, 2019<\/a><\/p><\/blockquote>\n<p> <script async src=\"https:\/\/platform.twitter.com\/widgets.js\" charset=\"utf-8\"><\/script><\/p>\n","protected":false},"excerpt":{"rendered":"<p>RAW de esta semana vio a las nuevas Campeonas del Asuka y Kairi Sane derrotar a la Campeona Femenina RAW Becky Lynch y a la nueva Campeona Femenina de SmackDown Charlotte Flair en un combate no titular.<\/p>\n","protected":false},"author":1,"featured_media":115789,"comment_status":"open","ping_status":"closed","sticky":false,"template":"","format":"standard","meta":{"footnotes":""},"categories":[5,38],"tags":[1870,9],"class_list":["post-117417","post","type-post","status-publish","format-standard","has-post-thumbnail","category-noticias","category-noticias-y-rumores-de-la-wwe","tag-asuka","tag-wwe"],"_links":{"self":[{"href":"https:\/\/www.prwrestling.com\/nw\/wp-json\/wp\/v2\/posts\/117417","targetHints":{"allow":["GET"]}}],"collection":[{"href":"https:\/\/www.prwrestling.com\/nw\/wp-json\/wp\/v2\/posts"}],"about":[{"href":"https:\/\/www.prwrestling.com\/nw\/wp-json\/wp\/v2\/types\/post"}],"author":[{"embeddable":true,"href":"https:\/\/www.prwrestling.com\/nw\/wp-json\/wp\/v2\/users\/1"}],"replies":[{"embeddable":true,"href":"https:\/\/www.prwrestling.com\/nw\/wp-json\/wp\/v2\/comments?post=117417"}],"version-history":[{"count":4,"href":"https:\/\/www.prwrestling.com\/nw\/wp-json\/wp\/v2\/posts\/117417\/revisions"}],"predecessor-version":[{"id":117422,"href":"https:\/\/www.prwrestling.com\/nw\/wp-json\/wp\/v2\/posts\/117417\/revisions\/117422"}],"wp:featuredmedia":[{"embeddable":true,"href":"https:\/\/www.prwrestling.com\/nw\/wp-json\/wp\/v2\/media\/115789"}],"wp:attachment":[{"href":"https:\/\/www.prwrestling.com\/nw\/wp-json\/wp\/v2\/media?parent=117417"}],"wp:term":[{"taxonomy":"category","embeddable":true,"href":"https:\/\/www.prwrestling.com\/nw\/wp-json\/wp\/v2\/categories?post=117417"},{"taxonomy":"post_tag","embeddable":true,"href":"https:\/\/www.prwrestling.com\/nw\/wp-json\/wp\/v2\/tags?post=117417"}],"curies":[{"name":"wp","href":"https:\/\/api.w.org\/{rel}","templated":true}]}}