{"id":117434,"date":"2019-10-08T21:21:52","date_gmt":"2019-10-09T01:21:52","guid":{"rendered":"https:\/\/www.prwrestling.com\/nw\/?p=117434"},"modified":"2019-10-08T21:21:52","modified_gmt":"2019-10-09T01:21:52","slug":"cody-comenta-sobre-los-coros-aew-en-hell-in-a-cell","status":"publish","type":"post","link":"https:\/\/www.prwrestling.com\/nw\/cody-comenta-sobre-los-coros-aew-en-hell-in-a-cell\/","title":{"rendered":"Cody comenta sobre los coros &#8220;AEW&#8221; en Hell in a Cell"},"content":{"rendered":"<p>Cody Rhodes fue recientemente invitado en el Show de Joe Cronin. <!--more-->Durante la entrevista, se le pregunt\u00f3 a Cody sobre los cantos de AEW durante el evento estelar de Hell in a Cell entre el Campe\u00f3n Universal Seth Rollins y The Fiend.<div id=\"ad-slot\" style=\"min-width: 300px; min-height: 250px;\">\r\n<p style=\"text-align: center;\">\r\n<script async src=\"https:\/\/pagead2.googlesyndication.com\/pagead\/js\/adsbygoogle.js\"><\/script>\r\n<!-- 300x250 sc a -->\r\n<ins class=\"adsbygoogle\"\r\n     style=\"display:inline-block;width:300px;height:250px\"\r\n     data-ad-client=\"ca-pub-1244235910658811\"\r\n     data-ad-slot=\"8592682546\"><\/ins>\r\n<script>\r\n     (adsbygoogle = window.adsbygoogle || []).push({});\r\n<\/script><\/center>\r\n<\/p><\/div><br \/>\n&#8220;No estaba viendo el evento, pero cuando sucedi\u00f3, mi tel\u00e9fono comienza a explotar y mis redes sociales comienzan a explotar&#8221;, dijo Cody Rhodes. <\/p>\n<p>&#8220;Cada vez que la multitud corea algo, ya sea aburrido, ya sea una promoci\u00f3n, ya sea tu nombre, significa que quieren ser recompensados \u200b\u200bcon algo. Eso es algo as\u00ed como cuando est\u00e1s en el ring luchando 101 y sabemos que queremos para recompensarlos.<\/p>\n<p>&#8220;As\u00ed que fue, fue halagador. No ser\u00eda una persona para regodearme solo porque s\u00e9 que uno de los muchachos en ese lucha se lastim\u00f3 y este trabajo no es tan f\u00e1cil, pero sin embargo cada vez que escuchamos esos cantos, es m\u00e1s validaci\u00f3n de que lo que estamos haciendo y lo que hemos estado diciendo sobre este mercado existente, es real &#8220;.<\/p>\n","protected":false},"excerpt":{"rendered":"<p>Cody Rhodes fue recientemente invitado en el Show de Joe Cronin.<\/p>\n","protected":false},"author":1,"featured_media":117435,"comment_status":"open","ping_status":"closed","sticky":false,"template":"","format":"standard","meta":{"footnotes":""},"categories":[5,1],"tags":[1354],"class_list":{"0":"post-117434","1":"post","2":"type-post","3":"status-publish","4":"format-standard","5":"has-post-thumbnail","7":"category-noticias","8":"category-all-elite-wrestling","9":"tag-aew"},"_links":{"self":[{"href":"https:\/\/www.prwrestling.com\/nw\/wp-json\/wp\/v2\/posts\/117434","targetHints":{"allow":["GET"]}}],"collection":[{"href":"https:\/\/www.prwrestling.com\/nw\/wp-json\/wp\/v2\/posts"}],"about":[{"href":"https:\/\/www.prwrestling.com\/nw\/wp-json\/wp\/v2\/types\/post"}],"author":[{"embeddable":true,"href":"https:\/\/www.prwrestling.com\/nw\/wp-json\/wp\/v2\/users\/1"}],"replies":[{"embeddable":true,"href":"https:\/\/www.prwrestling.com\/nw\/wp-json\/wp\/v2\/comments?post=117434"}],"version-history":[{"count":1,"href":"https:\/\/www.prwrestling.com\/nw\/wp-json\/wp\/v2\/posts\/117434\/revisions"}],"predecessor-version":[{"id":117436,"href":"https:\/\/www.prwrestling.com\/nw\/wp-json\/wp\/v2\/posts\/117434\/revisions\/117436"}],"wp:featuredmedia":[{"embeddable":true,"href":"https:\/\/www.prwrestling.com\/nw\/wp-json\/wp\/v2\/media\/117435"}],"wp:attachment":[{"href":"https:\/\/www.prwrestling.com\/nw\/wp-json\/wp\/v2\/media?parent=117434"}],"wp:term":[{"taxonomy":"category","embeddable":true,"href":"https:\/\/www.prwrestling.com\/nw\/wp-json\/wp\/v2\/categories?post=117434"},{"taxonomy":"post_tag","embeddable":true,"href":"https:\/\/www.prwrestling.com\/nw\/wp-json\/wp\/v2\/tags?post=117434"}],"curies":[{"name":"wp","href":"https:\/\/api.w.org\/{rel}","templated":true}]}}