{"id":117639,"date":"2019-10-15T14:24:49","date_gmt":"2019-10-15T18:24:49","guid":{"rendered":"https:\/\/www.prwrestling.com\/nw\/?p=117639"},"modified":"2019-10-15T15:51:49","modified_gmt":"2019-10-15T19:51:49","slug":"bischoff-es-reemplazado-de-su-rol-en-wwe","status":"publish","type":"post","link":"https:\/\/www.prwrestling.com\/nw\/bischoff-es-reemplazado-de-su-rol-en-wwe\/","title":{"rendered":"Bischoff es reemplazado de su rol en WWE"},"content":{"rendered":"<p>Menos de cuatro meses despu\u00e9s de ser anunciado para el puesto, Eric Bischoff est\u00e1 siendo reemplazado como director ejecutivo de SmackDown.<!--more--><div id=\"ad-slot\" style=\"min-width: 300px; min-height: 250px;\">\r\n<p style=\"text-align: center;\">\r\n<!-- Site name: prwrestling.com\r\nZone name: prwrestling.com_banner_300x250\r\nZone id: 2109741734\r\nType: banner\r\nFormat: 300x250\r\n --> \r\n\r\n<!-- Copy and paste this code on the page. -->\r\n<div id='zone_2109741734' ><\/div>\r\n<script>\r\n    (function(w,d,o,g,r,a,m){\r\n        var cid='zone_2109741734';\r\n        w[r]=w[r]||function(){(w[r+'l']=w[r+'l']||[]).push(arguments)};\r\n        function e(b,w,r){if((w[r+'h']=b.pop())&&!w.ABN){\r\n            var a=d.createElement(o),p=d.getElementsByTagName(o)[0];a.async=1;\r\n            a.src='https:\/\/cdn.'+w[r+'h']+'\/libs\/e.js';a.onerror=function(){e(g,w,r)};\r\n            p.parentNode.insertBefore(a,p)}}e(g,w,r);\r\n        w[r](cid,{id:2109741734,domain:w[r+'h']});\r\n    })(window,document,'script',['traffmovie.com'],'ABNS');\r\n<\/script>\r\n\r\n<!--\r\nWhen setting the zone code, make sure:\r\n  - you have provided all domains from which the area code will be called\r\n  - the site does not limit the loading in the Content Security Policy\r\n  - the area code is installed in the ad space inside the page\r\n  - site layout allows you to display the banner on mobile devices in full size\r\nUse data-cp1={customParam1} data-cp2={customParam2}... attributes for sending custom params\r\n-->\r\n<\/p><\/div><br \/>\nWWE emiti\u00f3 un comunicado de prensa hoy anunciando que Bruce Prichard ha sido nombrado nuevo director ejecutivo de SmackDown y reportar\u00e1 directamente a Vince McMahon. <\/p>\n<p>Prichard &#8220;supervisar\u00e1 el desarrollo creativo de Friday Night SmackDown en FOX y garantizar\u00e1 la integraci\u00f3n en todas las plataformas y l\u00edneas de negocios, reemplazando a Eric Bischoff&#8221;.<\/p>\n<p>Prichard regres\u00f3 al equipo creativo de la WWE en febrero.<\/p>\n<p>En junio, WWE anunci\u00f3 a Paul Heyman como el director ejecutivo de Raw y Bischoff como el director ejecutivo de SmackDown, promocionando que &#8220;la creaci\u00f3n de estos roles establece a\u00fan m\u00e1s la capacidad de WWE para reinventar continuamente su marca global al tiempo que proporciona dos procesos creativos distintos para sus espect\u00e1culos emblem\u00e1ticos &#8220;.<br \/>\n<!-- Shortcode [b] does not exist --><br \/>\nBischoff se mud\u00f3 a Connecticut para el rol a principios de julio. El comunicado de prensa de WWE no abord\u00f3 m\u00e1s del estado de Bischoff con la compa\u00f1\u00eda, sin embargo se rumora que ces\u00f3 sus labores por completo.<\/p>\n<p>SmackDown hizo su debut en FOX el 4 de octubre. El episodio del viernes pasado fue la primera noche del Draft de la WWE y tuvo cerca de 1 mill\u00f3n menos televidentes que la semana anterior.<\/p>\n","protected":false},"excerpt":{"rendered":"<p>Menos de cuatro meses despu\u00e9s de ser anunciado para el puesto, Eric Bischoff est\u00e1 siendo reemplazado como director ejecutivo de SmackDown.<\/p>\n","protected":false},"author":1,"featured_media":117643,"comment_status":"open","ping_status":"closed","sticky":false,"template":"","format":"standard","meta":{"footnotes":""},"categories":[5,38],"tags":[9],"class_list":["post-117639","post","type-post","status-publish","format-standard","has-post-thumbnail","category-noticias","category-noticias-y-rumores-de-la-wwe","tag-wwe"],"_links":{"self":[{"href":"https:\/\/www.prwrestling.com\/nw\/wp-json\/wp\/v2\/posts\/117639","targetHints":{"allow":["GET"]}}],"collection":[{"href":"https:\/\/www.prwrestling.com\/nw\/wp-json\/wp\/v2\/posts"}],"about":[{"href":"https:\/\/www.prwrestling.com\/nw\/wp-json\/wp\/v2\/types\/post"}],"author":[{"embeddable":true,"href":"https:\/\/www.prwrestling.com\/nw\/wp-json\/wp\/v2\/users\/1"}],"replies":[{"embeddable":true,"href":"https:\/\/www.prwrestling.com\/nw\/wp-json\/wp\/v2\/comments?post=117639"}],"version-history":[{"count":3,"href":"https:\/\/www.prwrestling.com\/nw\/wp-json\/wp\/v2\/posts\/117639\/revisions"}],"predecessor-version":[{"id":117645,"href":"https:\/\/www.prwrestling.com\/nw\/wp-json\/wp\/v2\/posts\/117639\/revisions\/117645"}],"wp:featuredmedia":[{"embeddable":true,"href":"https:\/\/www.prwrestling.com\/nw\/wp-json\/wp\/v2\/media\/117643"}],"wp:attachment":[{"href":"https:\/\/www.prwrestling.com\/nw\/wp-json\/wp\/v2\/media?parent=117639"}],"wp:term":[{"taxonomy":"category","embeddable":true,"href":"https:\/\/www.prwrestling.com\/nw\/wp-json\/wp\/v2\/categories?post=117639"},{"taxonomy":"post_tag","embeddable":true,"href":"https:\/\/www.prwrestling.com\/nw\/wp-json\/wp\/v2\/tags?post=117639"}],"curies":[{"name":"wp","href":"https:\/\/api.w.org\/{rel}","templated":true}]}}