{"id":117789,"date":"2019-10-20T13:03:40","date_gmt":"2019-10-20T17:03:40","guid":{"rendered":"https:\/\/www.prwrestling.com\/nw\/?p=117789"},"modified":"2019-10-20T13:03:40","modified_gmt":"2019-10-20T17:03:40","slug":"mcintyre-quiere-ser-el-lider-del-vestuario-en-raw","status":"publish","type":"post","link":"https:\/\/www.prwrestling.com\/nw\/mcintyre-quiere-ser-el-lider-del-vestuario-en-raw\/","title":{"rendered":"McIntyre quiere ser el lider del vestuario en Raw"},"content":{"rendered":"<p>Durante su aparici\u00f3n en &#8220;The Bump&#8221;, Drew McIntyre habl\u00f3 sobre su deseo de ser un l\u00edder de vestuario y la pr\u00f3xima batalla entre Raw y Smackdown. <!--more--><div id=\"ad-slot\" style=\"min-width: 300px; min-height: 250px;\">\r\n<p style=\"text-align: center;\">\r\n<!-- Site name: prwrestling.com\r\nZone name: prwrestling.com_banner_300x250\r\nZone id: 2109741734\r\nType: banner\r\nFormat: 300x250\r\n --> \r\n\r\n<!-- Copy and paste this code on the page. -->\r\n<div id='zone_2109741734' ><\/div>\r\n<script>\r\n    (function(w,d,o,g,r,a,m){\r\n        var cid='zone_2109741734';\r\n        w[r]=w[r]||function(){(w[r+'l']=w[r+'l']||[]).push(arguments)};\r\n        function e(b,w,r){if((w[r+'h']=b.pop())&&!w.ABN){\r\n            var a=d.createElement(o),p=d.getElementsByTagName(o)[0];a.async=1;\r\n            a.src='https:\/\/cdn.'+w[r+'h']+'\/libs\/e.js';a.onerror=function(){e(g,w,r)};\r\n            p.parentNode.insertBefore(a,p)}}e(g,w,r);\r\n        w[r](cid,{id:2109741734,domain:w[r+'h']});\r\n    })(window,document,'script',['traffmovie.com'],'ABNS');\r\n<\/script>\r\n\r\n<!--\r\nWhen setting the zone code, make sure:\r\n  - you have provided all domains from which the area code will be called\r\n  - the site does not limit the loading in the Content Security Policy\r\n  - the area code is installed in the ad space inside the page\r\n  - site layout allows you to display the banner on mobile devices in full size\r\nUse data-cp1={customParam1} data-cp2={customParam2}... attributes for sending custom params\r\n-->\r\n<\/p><\/div><br \/>\nEsto es lo que tuvi que decir:<\/p>\n<p>&#8220;Estoy aqu\u00ed para ser un l\u00edder. Creo que es genial ver a una compa\u00f1era celta, Becky [Lynch] tambi\u00e9n siendo n\u00famero uno. Los OC tambi\u00e9n han sido mis muchachos, as\u00ed que estoy entusiasmado con el roster que tenemos, pero tambi\u00e9n tenemos muchos talentos en bruto que a\u00fan no han  alcanzado un potencial. <\/p>\n<p>&#8220;Mi primer tipo de mantra cuando volv\u00ed a la WWE fue erradicar la complacencia. Cualquiera que me recuerde a un joven yo, que olvid\u00f3 su oportunidad, ya sabes,  cobrando un cheque sin el duro trabajo, si me recuerda esa versi\u00f3n joven de m\u00ed, voy a decirselo.<\/p>\n<p>&#8220;Ahora tienes la oportunidad de venir a m\u00ed, ven a algunos de los l\u00edderes a preguntar qu\u00e9 puedes hacer para mejorar. M\u00edrate en el espejo pregunta si est\u00e1s haciendo todo porque ahora es el momento, ahora es la guerra en lo que a m\u00ed respecta. Tienes que dar de tu parte.<br \/>\n<!-- Shortcode [b] does not exist --><br \/>\n&#8220;Podemos ganar esta cosa. Podemos vencer a Smackdown, podemos vencer a Fox, todos tenemos que tirar con nuestro peso y con Paul Heyman al tim\u00f3n, tenemos una vibra de ECW en lo que a m\u00ed respecta.&#8221;<\/p>\n","protected":false},"excerpt":{"rendered":"<p>Durante su aparici\u00f3n en &#8220;The Bump&#8221;, Drew McIntyre habl\u00f3 sobre su deseo de ser un l\u00edder de vestuario y la pr\u00f3xima batalla entre Raw y Smackdown.<\/p>\n","protected":false},"author":1,"featured_media":115309,"comment_status":"open","ping_status":"closed","sticky":false,"template":"","format":"standard","meta":{"footnotes":""},"categories":[5,38],"tags":[9],"class_list":["post-117789","post","type-post","status-publish","format-standard","has-post-thumbnail","category-noticias","category-noticias-y-rumores-de-la-wwe","tag-wwe"],"_links":{"self":[{"href":"https:\/\/www.prwrestling.com\/nw\/wp-json\/wp\/v2\/posts\/117789","targetHints":{"allow":["GET"]}}],"collection":[{"href":"https:\/\/www.prwrestling.com\/nw\/wp-json\/wp\/v2\/posts"}],"about":[{"href":"https:\/\/www.prwrestling.com\/nw\/wp-json\/wp\/v2\/types\/post"}],"author":[{"embeddable":true,"href":"https:\/\/www.prwrestling.com\/nw\/wp-json\/wp\/v2\/users\/1"}],"replies":[{"embeddable":true,"href":"https:\/\/www.prwrestling.com\/nw\/wp-json\/wp\/v2\/comments?post=117789"}],"version-history":[{"count":1,"href":"https:\/\/www.prwrestling.com\/nw\/wp-json\/wp\/v2\/posts\/117789\/revisions"}],"predecessor-version":[{"id":117790,"href":"https:\/\/www.prwrestling.com\/nw\/wp-json\/wp\/v2\/posts\/117789\/revisions\/117790"}],"wp:featuredmedia":[{"embeddable":true,"href":"https:\/\/www.prwrestling.com\/nw\/wp-json\/wp\/v2\/media\/115309"}],"wp:attachment":[{"href":"https:\/\/www.prwrestling.com\/nw\/wp-json\/wp\/v2\/media?parent=117789"}],"wp:term":[{"taxonomy":"category","embeddable":true,"href":"https:\/\/www.prwrestling.com\/nw\/wp-json\/wp\/v2\/categories?post=117789"},{"taxonomy":"post_tag","embeddable":true,"href":"https:\/\/www.prwrestling.com\/nw\/wp-json\/wp\/v2\/tags?post=117789"}],"curies":[{"name":"wp","href":"https:\/\/api.w.org\/{rel}","templated":true}]}}