{"id":117883,"date":"2019-10-22T22:02:48","date_gmt":"2019-10-23T02:02:48","guid":{"rendered":"https:\/\/www.prwrestling.com\/nw\/?p=117883"},"modified":"2019-10-22T22:02:48","modified_gmt":"2019-10-23T02:02:48","slug":"pr-el-cuervo-renacera-un-ano-despues-de-su-accidente-en-mexico","status":"publish","type":"post","link":"https:\/\/www.prwrestling.com\/nw\/pr-el-cuervo-renacera-un-ano-despues-de-su-accidente-en-mexico\/","title":{"rendered":"PR: El Cuervo &#8220;renacer\u00e1&#8221; un a\u00f1o despu\u00e9s de su accidente en M\u00e9xico"},"content":{"rendered":"<p><em>COMUNICADO:<\/em><\/p>\n<p>El a\u00f1o pasado para el 19 de Noviembre del 2018 en la arena L\u00f3pez Mateo de la ciudad de M\u00e9xico<!--more-->, este joven y talentoso luchador profesional EL CUERVO DE PUERTO RICO, sufri\u00f3 un lamentable incidente donde otro luchador mexicano le lanz\u00f3 un bloque a la cabeza dej\u00e1ndolo fuera de su carrera que todos pens\u00e1bamos que terminar\u00eda con su vida y carrera de luchador profesional.<div id=\"ad-slot\" style=\"min-width: 300px; min-height: 250px;\">\r\n<p style=\"text-align: center;\">\r\n<!-- Site name: prwrestling.com\r\nZone name: prwrestling.com_banner_300x250\r\nZone id: 2109741734\r\nType: banner\r\nFormat: 300x250\r\n --> \r\n\r\n<!-- Copy and paste this code on the page. -->\r\n<div id='zone_2109741734' ><\/div>\r\n<script>\r\n    (function(w,d,o,g,r,a,m){\r\n        var cid='zone_2109741734';\r\n        w[r]=w[r]||function(){(w[r+'l']=w[r+'l']||[]).push(arguments)};\r\n        function e(b,w,r){if((w[r+'h']=b.pop())&&!w.ABN){\r\n            var a=d.createElement(o),p=d.getElementsByTagName(o)[0];a.async=1;\r\n            a.src='https:\/\/cdn.'+w[r+'h']+'\/libs\/e.js';a.onerror=function(){e(g,w,r)};\r\n            p.parentNode.insertBefore(a,p)}}e(g,w,r);\r\n        w[r](cid,{id:2109741734,domain:w[r+'h']});\r\n    })(window,document,'script',['traffmovie.com'],'ABNS');\r\n<\/script>\r\n\r\n<!--\r\nWhen setting the zone code, make sure:\r\n  - you have provided all domains from which the area code will be called\r\n  - the site does not limit the loading in the Content Security Policy\r\n  - the area code is installed in the ad space inside the page\r\n  - site layout allows you to display the banner on mobile devices in full size\r\nUse data-cp1={customParam1} data-cp2={customParam2}... attributes for sending custom params\r\n-->\r\n<\/p><\/div><br \/>\nPero despu\u00e9s de casi un a\u00f1o de lo sucedido de su incidente con mucha fe en Dios y perseverancia vuelve a los cuadril\u00e1teros a hacer lo que es su pasi\u00f3n: la lucha libre.<\/p>\n<p>Es por eso que la compa\u00f1\u00eda WORLD WARRIORS WRESTLING te trae la cartelera denominada EL RENACER, este pr\u00f3ximo 16 de Noviembre en la cancha bajo techo Roger Mendoza de Caguas a las 8:30 pm.<\/p>\n<p>En la lucha estelar, El Cuervo se medir\u00e1 a El Le\u00f3n Apolo vs Manny Ferno en una lucha 3way dance. Otras luchas ser\u00e1n confirmadas en el fin de semana.<\/p>\n<p>No faltes ven a ver a EL CUERVO DE PUERTO RICO en su RENACER.<br \/>\n<iframe loading=\"lazy\" style=\"border: none; overflow: hidden;\" src=\"https:\/\/www.facebook.com\/plugins\/video.php?href=https%3A%2F%2Fwww.facebook.com%2FTripleWPR%2Fvideos%2F2290360287942354%2F&amp;show_text=0&amp;width=560\" width=\"560\" height=\"315\" frameborder=\"0\" scrolling=\"no\" allowfullscreen=\"allowfullscreen\"><\/iframe><\/p>\n","protected":false},"excerpt":{"rendered":"<p>COMUNICADO: El a\u00f1o pasado para el 19 de Noviembre del 2018 en la arena L\u00f3pez Mateo de la ciudad de M\u00e9xico<\/p>\n","protected":false},"author":1,"featured_media":117884,"comment_status":"open","ping_status":"closed","sticky":false,"template":"","format":"standard","meta":{"footnotes":""},"categories":[5],"tags":[1919],"class_list":["post-117883","post","type-post","status-publish","format-standard","has-post-thumbnail","category-noticias","tag-el-cuervo"],"_links":{"self":[{"href":"https:\/\/www.prwrestling.com\/nw\/wp-json\/wp\/v2\/posts\/117883","targetHints":{"allow":["GET"]}}],"collection":[{"href":"https:\/\/www.prwrestling.com\/nw\/wp-json\/wp\/v2\/posts"}],"about":[{"href":"https:\/\/www.prwrestling.com\/nw\/wp-json\/wp\/v2\/types\/post"}],"author":[{"embeddable":true,"href":"https:\/\/www.prwrestling.com\/nw\/wp-json\/wp\/v2\/users\/1"}],"replies":[{"embeddable":true,"href":"https:\/\/www.prwrestling.com\/nw\/wp-json\/wp\/v2\/comments?post=117883"}],"version-history":[{"count":1,"href":"https:\/\/www.prwrestling.com\/nw\/wp-json\/wp\/v2\/posts\/117883\/revisions"}],"predecessor-version":[{"id":117885,"href":"https:\/\/www.prwrestling.com\/nw\/wp-json\/wp\/v2\/posts\/117883\/revisions\/117885"}],"wp:featuredmedia":[{"embeddable":true,"href":"https:\/\/www.prwrestling.com\/nw\/wp-json\/wp\/v2\/media\/117884"}],"wp:attachment":[{"href":"https:\/\/www.prwrestling.com\/nw\/wp-json\/wp\/v2\/media?parent=117883"}],"wp:term":[{"taxonomy":"category","embeddable":true,"href":"https:\/\/www.prwrestling.com\/nw\/wp-json\/wp\/v2\/categories?post=117883"},{"taxonomy":"post_tag","embeddable":true,"href":"https:\/\/www.prwrestling.com\/nw\/wp-json\/wp\/v2\/tags?post=117883"}],"curies":[{"name":"wp","href":"https:\/\/api.w.org\/{rel}","templated":true}]}}