{"id":118103,"date":"2019-10-29T10:44:33","date_gmt":"2019-10-29T14:44:33","guid":{"rendered":"https:\/\/www.prwrestling.com\/nw\/?p=118103"},"modified":"2019-10-29T10:47:03","modified_gmt":"2019-10-29T14:47:03","slug":"tenille-dashwood-emma-no-vio-venir-cesanteo-de-wwe","status":"publish","type":"post","link":"https:\/\/www.prwrestling.com\/nw\/tenille-dashwood-emma-no-vio-venir-cesanteo-de-wwe\/","title":{"rendered":"Tenille Dashwood (Emma) no vio venir cesanteo de WWE"},"content":{"rendered":"<p>Tenille Dashwood fue dejada libre de la WWE repentinamente en 2017. Luego ya no era &#8220;Emma&#8221;<!--more--><div id=\"ad-slot\" style=\"min-width: 300px; min-height: 250px;\">\r\n<p style=\"text-align: center;\">\r\n<script async src=\"https:\/\/pagead2.googlesyndication.com\/pagead\/js\/adsbygoogle.js\"><\/script>\r\n<!-- 300x250 sc a -->\r\n<ins class=\"adsbygoogle\"\r\n     style=\"display:inline-block;width:300px;height:250px\"\r\n     data-ad-client=\"ca-pub-1244235910658811\"\r\n     data-ad-slot=\"8592682546\"><\/ins>\r\n<script>\r\n     (adsbygoogle = window.adsbygoogle || []).push({});\r\n<\/script><\/center>\r\n<\/p><\/div><br \/>\nEsto fue despu\u00e9s de que le dieron el honor de enfrentarse a Asuka en los dos primeros combates de la Empress Of Tomorrow.<\/p>\n<p>Mientras hablaba con Chris Van Vliet, Tenille Dashwood dijo que estaba sorprendida por su cesanteo de la WWE y que no ten\u00eda idea de que iba a llegar.<\/p>\n<p>\u201cFue realmente un gran shock para m\u00ed. No ten\u00eda ni idea. En ese momento, estaba en una pelea con Asuka y acab\u00e1bamos de hacer el PPV y ese fue su debut, su debut en el PPV, creo que tambi\u00e9n fue su debut real. Tuvimos un encuentro incre\u00edble, recuerdo que a todos les encant\u00f3 y luego tuvimos una lucha en RAW la noche siguiente y, b\u00e1sicamente, al final de la semana, recib\u00ed una llamada diciendo que me dejaron en libertad&#8221;.<\/p>\n<p>Dashwood termin\u00f3 en ROH y viaj\u00f3 por las indies. Ella se lesion\u00f3 por un tiempo y tambi\u00e9n lidi\u00f3 con algunas enfermedades personales. Ahora aparece para Impact Wrestling tras debutar hace pocos meses atr\u00e1s.<!-- Shortcode [b] does not exist --><iframe loading=\"lazy\" width=\"560\" height=\"315\" src=\"https:\/\/www.youtube.com\/embed\/PoDv5d61gK8\" frameborder=\"0\" allow=\"accelerometer; autoplay; encrypted-media; gyroscope; picture-in-picture\" allowfullscreen><\/iframe><\/p>\n","protected":false},"excerpt":{"rendered":"<p>Tenille Dashwood fue dejada libre de la WWE repentinamente en 2017. Luego ya no era &#8220;Emma&#8221;<\/p>\n","protected":false},"author":1,"featured_media":107659,"comment_status":"open","ping_status":"closed","sticky":false,"template":"","format":"standard","meta":{"footnotes":""},"categories":[5],"tags":[],"class_list":{"0":"post-118103","1":"post","2":"type-post","3":"status-publish","4":"format-standard","5":"has-post-thumbnail","7":"category-noticias"},"_links":{"self":[{"href":"https:\/\/www.prwrestling.com\/nw\/wp-json\/wp\/v2\/posts\/118103","targetHints":{"allow":["GET"]}}],"collection":[{"href":"https:\/\/www.prwrestling.com\/nw\/wp-json\/wp\/v2\/posts"}],"about":[{"href":"https:\/\/www.prwrestling.com\/nw\/wp-json\/wp\/v2\/types\/post"}],"author":[{"embeddable":true,"href":"https:\/\/www.prwrestling.com\/nw\/wp-json\/wp\/v2\/users\/1"}],"replies":[{"embeddable":true,"href":"https:\/\/www.prwrestling.com\/nw\/wp-json\/wp\/v2\/comments?post=118103"}],"version-history":[{"count":3,"href":"https:\/\/www.prwrestling.com\/nw\/wp-json\/wp\/v2\/posts\/118103\/revisions"}],"predecessor-version":[{"id":118107,"href":"https:\/\/www.prwrestling.com\/nw\/wp-json\/wp\/v2\/posts\/118103\/revisions\/118107"}],"wp:featuredmedia":[{"embeddable":true,"href":"https:\/\/www.prwrestling.com\/nw\/wp-json\/wp\/v2\/media\/107659"}],"wp:attachment":[{"href":"https:\/\/www.prwrestling.com\/nw\/wp-json\/wp\/v2\/media?parent=118103"}],"wp:term":[{"taxonomy":"category","embeddable":true,"href":"https:\/\/www.prwrestling.com\/nw\/wp-json\/wp\/v2\/categories?post=118103"},{"taxonomy":"post_tag","embeddable":true,"href":"https:\/\/www.prwrestling.com\/nw\/wp-json\/wp\/v2\/tags?post=118103"}],"curies":[{"name":"wp","href":"https:\/\/api.w.org\/{rel}","templated":true}]}}