{"id":118271,"date":"2019-11-03T08:46:18","date_gmt":"2019-11-03T13:46:18","guid":{"rendered":"https:\/\/www.prwrestling.com\/nw\/?p=118271"},"modified":"2019-11-03T11:30:26","modified_gmt":"2019-11-03T16:30:26","slug":"wyatt-publica-imagen-de-posible-cambio-en-campeonato-universal","status":"publish","type":"post","link":"https:\/\/www.prwrestling.com\/nw\/wyatt-publica-imagen-de-posible-cambio-en-campeonato-universal\/","title":{"rendered":"Wyatt publica im\u00e1gen de posible cambio en campeonato Universal"},"content":{"rendered":"<p>Bray Wyatt public\u00f3 en Twitter una imagen para insinuar que se avecina un nuevo dise\u00f1o para el cintur\u00f3n del Campeonato Universal. <!--more--><\/p>\n<p>El t\u00edtulo como sabemos es rojo para indicar que es el campeonato principal de la marca Raw. Bray Wyatt derrot\u00f3 a Seth Rollins en Arabia Saudita y est\u00e1 trayendo el t\u00edtulo consigo a la marca Smackdown. Se especul\u00f3 que WWE cambiar\u00eda la correa a azul para representar Smackdown, pero este no necesariamente podr\u00eda ser el caso.<br \/>\n<div id=\"ad-slot\" style=\"min-width: 300px; min-height: 250px;\">\r\n<p style=\"text-align: center;\">\r\n<!-- Site name: prwrestling.com\r\nZone name: prwrestling.com_banner_300x250\r\nZone id: 2109741734\r\nType: banner\r\nFormat: 300x250\r\n --> \r\n\r\n<!-- Copy and paste this code on the page. -->\r\n<div id='zone_2109741734' ><\/div>\r\n<script>\r\n    (function(w,d,o,g,r,a,m){\r\n        var cid='zone_2109741734';\r\n        w[r]=w[r]||function(){(w[r+'l']=w[r+'l']||[]).push(arguments)};\r\n        function e(b,w,r){if((w[r+'h']=b.pop())&&!w.ABN){\r\n            var a=d.createElement(o),p=d.getElementsByTagName(o)[0];a.async=1;\r\n            a.src='https:\/\/cdn.'+w[r+'h']+'\/libs\/e.js';a.onerror=function(){e(g,w,r)};\r\n            p.parentNode.insertBefore(a,p)}}e(g,w,r);\r\n        w[r](cid,{id:2109741734,domain:w[r+'h']});\r\n    })(window,document,'script',['traffmovie.com'],'ABNS');\r\n<\/script>\r\n\r\n<!--\r\nWhen setting the zone code, make sure:\r\n  - you have provided all domains from which the area code will be called\r\n  - the site does not limit the loading in the Content Security Policy\r\n  - the area code is installed in the ad space inside the page\r\n  - site layout allows you to display the banner on mobile devices in full size\r\nUse data-cp1={customParam1} data-cp2={customParam2}... attributes for sending custom params\r\n-->\r\n<\/p><\/div><br \/>\nSe supon\u00eda que Wyatt era el invitado especial en MizTV esta semana, pero debido a la falla mec\u00e1nica de su avi\u00f3n, el segmento no pudo celebrarse.<\/p>\n<p>El Tweet a continuaci\u00f3n:<\/p>\n<blockquote class=\"twitter-tweet\">\n<p dir=\"ltr\" lang=\"und\"><a href=\"https:\/\/twitter.com\/topropebelts?ref_src=twsrc%5Etfw\" target=\"_blank\" rel=\"noopener\">@topropebelts<\/a><\/p>\n<p>? <a href=\"https:\/\/t.co\/wdcwycswRN\">pic.twitter.com\/wdcwycswRN<\/a><\/p>\n<p>\u2014 Bray Wyatt (@WWEBrayWyatt) <a href=\"https:\/\/twitter.com\/WWEBrayWyatt\/status\/1190449670868422656?ref_src=twsrc%5Etfw\" target=\"_blank\" rel=\"noopener\">November 2, 2019<\/a><\/p>\n<\/blockquote>\n<p><script async src=\"https:\/\/platform.twitter.com\/widgets.js\" charset=\"utf-8\"><\/script><br \/>\n<a href=\"https:\/\/www.prwrestling.com\/nw\/wp-content\/uploads\/2019\/11\/EIVTqe8W4AELOji-900x4802.jpg\"><img loading=\"lazy\" decoding=\"async\" src=\"https:\/\/www.prwrestling.com\/nw\/wp-content\/uploads\/2019\/11\/EIVTqe8W4AELOji-900x4802.jpg\" alt=\"\" width=\"538\" height=\"279\" class=\"aligncenter size-full wp-image-118277\" srcset=\"https:\/\/www.prwrestling.com\/nw\/wp-content\/uploads\/2019\/11\/EIVTqe8W4AELOji-900x4802.jpg 538w, https:\/\/www.prwrestling.com\/nw\/wp-content\/uploads\/2019\/11\/EIVTqe8W4AELOji-900x4802-300x156.jpg 300w\" sizes=\"auto, (max-width: 538px) 100vw, 538px\" \/><\/a><\/p>\n","protected":false},"excerpt":{"rendered":"<p>Bray Wyatt public\u00f3 en Twitter una imagen para insinuar que se avecina un nuevo dise\u00f1o para el cintur\u00f3n del Campeonato Universal.<\/p>\n","protected":false},"author":1,"featured_media":118272,"comment_status":"open","ping_status":"closed","sticky":false,"template":"","format":"standard","meta":{"footnotes":""},"categories":[5,38],"tags":[1360,9],"class_list":["post-118271","post","type-post","status-publish","format-standard","has-post-thumbnail","category-noticias","category-noticias-y-rumores-de-la-wwe","tag-bray-wyatt","tag-wwe"],"_links":{"self":[{"href":"https:\/\/www.prwrestling.com\/nw\/wp-json\/wp\/v2\/posts\/118271","targetHints":{"allow":["GET"]}}],"collection":[{"href":"https:\/\/www.prwrestling.com\/nw\/wp-json\/wp\/v2\/posts"}],"about":[{"href":"https:\/\/www.prwrestling.com\/nw\/wp-json\/wp\/v2\/types\/post"}],"author":[{"embeddable":true,"href":"https:\/\/www.prwrestling.com\/nw\/wp-json\/wp\/v2\/users\/1"}],"replies":[{"embeddable":true,"href":"https:\/\/www.prwrestling.com\/nw\/wp-json\/wp\/v2\/comments?post=118271"}],"version-history":[{"count":4,"href":"https:\/\/www.prwrestling.com\/nw\/wp-json\/wp\/v2\/posts\/118271\/revisions"}],"predecessor-version":[{"id":118278,"href":"https:\/\/www.prwrestling.com\/nw\/wp-json\/wp\/v2\/posts\/118271\/revisions\/118278"}],"wp:featuredmedia":[{"embeddable":true,"href":"https:\/\/www.prwrestling.com\/nw\/wp-json\/wp\/v2\/media\/118272"}],"wp:attachment":[{"href":"https:\/\/www.prwrestling.com\/nw\/wp-json\/wp\/v2\/media?parent=118271"}],"wp:term":[{"taxonomy":"category","embeddable":true,"href":"https:\/\/www.prwrestling.com\/nw\/wp-json\/wp\/v2\/categories?post=118271"},{"taxonomy":"post_tag","embeddable":true,"href":"https:\/\/www.prwrestling.com\/nw\/wp-json\/wp\/v2\/tags?post=118271"}],"curies":[{"name":"wp","href":"https:\/\/api.w.org\/{rel}","templated":true}]}}