{"id":118282,"date":"2019-11-03T18:57:57","date_gmt":"2019-11-03T23:57:57","guid":{"rendered":"https:\/\/www.prwrestling.com\/nw\/?p=118282"},"modified":"2023-01-24T22:49:37","modified_gmt":"2023-01-25T03:49:37","slug":"pr-peter-john-ramos-sera-arbitro-especial-en-wwc","status":"publish","type":"post","link":"https:\/\/www.prwrestling.com\/nw\/pr-peter-john-ramos-sera-arbitro-especial-en-wwc\/","title":{"rendered":"PR: Peter John Ramos ser\u00e1 \u00e1rbitro especial en WWC; Chicano vuelve a IWA"},"content":{"rendered":"<p>El baloncelista <a href=\"https:\/\/en.wikipedia.org\/wiki\/Peter_John_Ramos\" target=\"_blank\" rel=\"noopener\">Peter John Ramos<\/a> fue anunciado oficialmente como el \u00e1rbitro especial de la lucha de Ray Gonzalez vs Gilbert en donde la carrera de ambos estar\u00e1 en juego.<!--more--><div id=\"ad-slot\" style=\"min-width: 300px; min-height: 250px;\">\r\n<p style=\"text-align: center;\">\r\n<!-- Site name: prwrestling.com\r\nZone name: prwrestling.com_banner_300x250\r\nZone id: 2109741734\r\nType: banner\r\nFormat: 300x250\r\n --> \r\n\r\n<!-- Copy and paste this code on the page. -->\r\n<div id='zone_2109741734' ><\/div>\r\n<script>\r\n    (function(w,d,o,g,r,a,m){\r\n        var cid='zone_2109741734';\r\n        w[r]=w[r]||function(){(w[r+'l']=w[r+'l']||[]).push(arguments)};\r\n        function e(b,w,r){if((w[r+'h']=b.pop())&&!w.ABN){\r\n            var a=d.createElement(o),p=d.getElementsByTagName(o)[0];a.async=1;\r\n            a.src='https:\/\/cdn.'+w[r+'h']+'\/libs\/e.js';a.onerror=function(){e(g,w,r)};\r\n            p.parentNode.insertBefore(a,p)}}e(g,w,r);\r\n        w[r](cid,{id:2109741734,domain:w[r+'h']});\r\n    })(window,document,'script',['traffmovie.com'],'ABNS');\r\n<\/script>\r\n\r\n<!--\r\nWhen setting the zone code, make sure:\r\n  - you have provided all domains from which the area code will be called\r\n  - the site does not limit the loading in the Content Security Policy\r\n  - the area code is installed in the ad space inside the page\r\n  - site layout allows you to display the banner on mobile devices in full size\r\nUse data-cp1={customParam1} data-cp2={customParam2}... attributes for sending custom params\r\n-->\r\n<\/p><\/div><br \/>\nRamos estuvo presente en el cartel de <a href=\"https:\/\/www.prwrestling.com\/nw\/tag\/wwc\">WWC<\/a> anoche en Toa Alta al ser presentado por Ray Gonzalez. Gilbert abofete\u00f3 a Gonz\u00e1lez y este luego le aplic\u00f3 la Figura 4. Pedro Portillo y El Gran Armando entraron pero Ramos le pego doble vazo vaquero para sacarlos de carrera.<\/p>\n<p>Puedes ver el pietaje a continuaci\u00f3n (ocurre desde la marca de los 39 minutos):<\/p>\n<p><center><iframe loading=\"lazy\" src=\"https:\/\/www.youtube.com\/embed\/WVylfRE9U6Y\" width=\"560\" height=\"315\" frameborder=\"0\" allowfullscreen=\"allowfullscreen\"><\/iframe><\/center><br \/>\nGonzalez vs Gilbert se lleva a cabo en Noche de Campeones el 23 de noviembre en el Coliseo Rub\u00e9n Rodr\u00edguez de Bayam\u00f3n, cual correr\u00e1 contra el evento de \u201cFight Forever\u201d en Guaynabo, cual tiene de estelar a Mil Muertes vs Rob Van Dam.<\/p>\n<h2><strong>Chicano de vuelta a IWA<\/strong><\/h2>\n<p>Manny Ferno aleg\u00f3 en IWA Impacto Total, que despu\u00e9s de su victoria en el Globo de la Muerte, no hay nadie por encima de el en luchas Hardcore\/Extremas, y que en sus planes futuros esta el Campeonato Mundial de IWA.<br \/>\n<!-- Shortcode [b] does not exist --><br \/>\nLuego lleg\u00f3 el ilegal Chicano, para confrontar a Ferno de que no se puede autoproclamar como el mayor exponente Hardcore\/Extremo, cuando nunca se ha enfrentado en ese tipo de encuentro al ilegal Chicano. Luego lo ret\u00f3 a enfrentarse en una Lucha de Reglas Extremas en IWA Hardcore Weekend el s\u00e1bado 30 de noviembre en el Coliseo Rub\u00e9n Zayas Monta\u00f1ez de Trujillo Alto.<\/p>\n<p><center><iframe loading=\"lazy\" src=\"https:\/\/www.youtube.com\/embed\/HOVNaoHXK_c\" width=\"560\" height=\"315\" frameborder=\"0\" allowfullscreen=\"allowfullscreen\"><\/iframe><\/center><\/p>\n<h2><strong>Triple W cancela show regreso del Cuervo<\/strong><\/h2>\n<p>La empresa <a href=\"https:\/\/www.facebook.com\/TripleWPR\/\" target=\"_blank\" rel=\"noopener\">World Warriors Wrestling<\/a> anunci\u00f3 hoy la cancelaci\u00f3n del evento \u201cRenacer\u201d, cual se iba a llevar a cabo el 16 de noviembre y marcar\u00eda el regreso del Cuervo a los cuadril\u00e1teros. Cuervo estaba pautado a medirse a Apollo y Manny Ferno en una lucha de Triple Amenaza.<\/p>\n<p><center><iframe loading=\"lazy\" style=\"border: none; overflow: hidden;\" src=\"https:\/\/www.facebook.com\/plugins\/post.php?href=https%3A%2F%2Fwww.facebook.com%2FTripleWPR%2Fposts%2F1352255594959186&amp;width=500\" width=\"500\" height=\"544\" frameborder=\"0\" scrolling=\"no\"><\/iframe><\/center><\/p>\n","protected":false},"excerpt":{"rendered":"<p>El baloncelista Peter John Ramos fue anunciado oficialmente como el \u00e1rbitro especial de la lucha de Ray Gonzalez vs Gilbert en donde la carrera de ambos estar\u00e1 en juego.<\/p>\n","protected":false},"author":3,"featured_media":118280,"comment_status":"open","ping_status":"closed","sticky":false,"template":"","format":"standard","meta":{"footnotes":""},"categories":[7409,5],"tags":[7465,34],"class_list":["post-118282","post","type-post","status-publish","format-standard","has-post-thumbnail","category-lucha-libre-de-puerto-rico","category-noticias","tag-iwa-international-wrestling-association","tag-wwc"],"_links":{"self":[{"href":"https:\/\/www.prwrestling.com\/nw\/wp-json\/wp\/v2\/posts\/118282","targetHints":{"allow":["GET"]}}],"collection":[{"href":"https:\/\/www.prwrestling.com\/nw\/wp-json\/wp\/v2\/posts"}],"about":[{"href":"https:\/\/www.prwrestling.com\/nw\/wp-json\/wp\/v2\/types\/post"}],"author":[{"embeddable":true,"href":"https:\/\/www.prwrestling.com\/nw\/wp-json\/wp\/v2\/users\/3"}],"replies":[{"embeddable":true,"href":"https:\/\/www.prwrestling.com\/nw\/wp-json\/wp\/v2\/comments?post=118282"}],"version-history":[{"count":8,"href":"https:\/\/www.prwrestling.com\/nw\/wp-json\/wp\/v2\/posts\/118282\/revisions"}],"predecessor-version":[{"id":118286,"href":"https:\/\/www.prwrestling.com\/nw\/wp-json\/wp\/v2\/posts\/118282\/revisions\/118286"}],"wp:featuredmedia":[{"embeddable":true,"href":"https:\/\/www.prwrestling.com\/nw\/wp-json\/wp\/v2\/media\/118280"}],"wp:attachment":[{"href":"https:\/\/www.prwrestling.com\/nw\/wp-json\/wp\/v2\/media?parent=118282"}],"wp:term":[{"taxonomy":"category","embeddable":true,"href":"https:\/\/www.prwrestling.com\/nw\/wp-json\/wp\/v2\/categories?post=118282"},{"taxonomy":"post_tag","embeddable":true,"href":"https:\/\/www.prwrestling.com\/nw\/wp-json\/wp\/v2\/tags?post=118282"}],"curies":[{"name":"wp","href":"https:\/\/api.w.org\/{rel}","templated":true}]}}