{"id":118836,"date":"2019-11-21T18:44:28","date_gmt":"2019-11-21T23:44:28","guid":{"rendered":"https:\/\/www.prwrestling.com\/nw\/?p=118836"},"modified":"2019-11-21T18:44:28","modified_gmt":"2019-11-21T23:44:28","slug":"carlos-colon-dice-primo-y-epico-siguen-en-wwe-quiere-que-carlito-regrese","status":"publish","type":"post","link":"https:\/\/www.prwrestling.com\/nw\/carlos-colon-dice-primo-y-epico-siguen-en-wwe-quiere-que-carlito-regrese\/","title":{"rendered":"Carlos Col\u00f3n dice Primo y Epico siguen en WWE; Quiere que Carlito regrese"},"content":{"rendered":"<p>Carlos Colon fue entrevistado por Raul Alzaga de <a href=\"http:\/\/adicciondeportiva.net\/carlitos-colon-niega-que-primo-y-epico-esten-fuera-de-wwe-y-desea-ver-a-peter-john-en-accion\/?fbclid=IwAR1VgoW_xB4h4BlcvN21BpLz-hpjCOSllEM-UIF2_ji5bep65o9nZMHkAII\" target=\"_blank\" rel=\"noopener\"><span style=\"color: #993300;\">AddicionDeportiva.ne<\/span>t<\/a> sobre varios temas, incluyendo los estatus de Primo y Epico en la WWE.<!--more--><\/p>\n<p>El ex campe\u00f3n Universal neg\u00f3 los reportes de que Primo y Epico ya no est\u00e1n en la WWE. \u201cEso es falso. Habl\u00e9 con Eddie (Primo) y \u00e9l me dijo que todo estaba tranquilo. Le queda un a\u00f1o de vigencia de contrato a ambos\u201d, le dijo Col\u00f3n.<div id=\"ad-slot\" style=\"min-width: 300px; min-height: 250px;\">\r\n<p style=\"text-align: center;\">\r\n<script async src=\"https:\/\/pagead2.googlesyndication.com\/pagead\/js\/adsbygoogle.js\"><\/script>\r\n<!-- 300x250 sc a -->\r\n<ins class=\"adsbygoogle\"\r\n     style=\"display:inline-block;width:300px;height:250px\"\r\n     data-ad-client=\"ca-pub-1244235910658811\"\r\n     data-ad-slot=\"8592682546\"><\/ins>\r\n<script>\r\n     (adsbygoogle = window.adsbygoogle || []).push({});\r\n<\/script><\/center>\r\n<\/p><\/div><br \/>\nColon tambi\u00e9n revel\u00f3 que le gustaria ver a Carlito de nuevo en la WWE. \u201cEl sue\u00f1o m\u00edo es verlo regresar para una corrida m\u00e1s de cuatro o cinco a\u00f1os. Tiene mayor madurez que cuando estuvo all\u00ed por primera vez y ser\u00eda tremendo que tuviera all\u00ed una facci\u00f3n con Primo y \u00c9pico, algo que nunca le deron oportunidad de hacer all\u00ed. Por lo pronto, los tres me est\u00e1n ayudando en WWC en todo lo que pueden,\u201d expres\u00f3.<\/p>\n<p><span style=\"color: #993300;\"><a style=\"color: #993300;\" href=\"http:\/\/adicciondeportiva.net\/carlitos-colon-niega-que-primo-y-epico-esten-fuera-de-wwe-y-desea-ver-a-peter-john-en-accion\/?fbclid=IwAR1VgoW_xB4h4BlcvN21BpLz-hpjCOSllEM-UIF2_ji5bep65o9nZMHkAII\" target=\"_blank\" rel=\"noopener\">Puedes leer el art\u00edculo completo aqu\u00ed<\/a>.<\/span><\/p>\n","protected":false},"excerpt":{"rendered":"<p>Carlos Colon fue entrevistado por Raul Alzaga de AddicionDeportiva.net sobre varios temas, incluyendo los estatus de Primo y Epico en la WWE.<\/p>\n","protected":false},"author":1,"featured_media":118837,"comment_status":"open","ping_status":"closed","sticky":false,"template":"","format":"standard","meta":{"footnotes":""},"categories":[5],"tags":[2471,34],"class_list":{"0":"post-118836","1":"post","2":"type-post","3":"status-publish","4":"format-standard","5":"has-post-thumbnail","7":"category-noticias","8":"tag-carlos-colon","9":"tag-wwc"},"_links":{"self":[{"href":"https:\/\/www.prwrestling.com\/nw\/wp-json\/wp\/v2\/posts\/118836","targetHints":{"allow":["GET"]}}],"collection":[{"href":"https:\/\/www.prwrestling.com\/nw\/wp-json\/wp\/v2\/posts"}],"about":[{"href":"https:\/\/www.prwrestling.com\/nw\/wp-json\/wp\/v2\/types\/post"}],"author":[{"embeddable":true,"href":"https:\/\/www.prwrestling.com\/nw\/wp-json\/wp\/v2\/users\/1"}],"replies":[{"embeddable":true,"href":"https:\/\/www.prwrestling.com\/nw\/wp-json\/wp\/v2\/comments?post=118836"}],"version-history":[{"count":1,"href":"https:\/\/www.prwrestling.com\/nw\/wp-json\/wp\/v2\/posts\/118836\/revisions"}],"predecessor-version":[{"id":118838,"href":"https:\/\/www.prwrestling.com\/nw\/wp-json\/wp\/v2\/posts\/118836\/revisions\/118838"}],"wp:featuredmedia":[{"embeddable":true,"href":"https:\/\/www.prwrestling.com\/nw\/wp-json\/wp\/v2\/media\/118837"}],"wp:attachment":[{"href":"https:\/\/www.prwrestling.com\/nw\/wp-json\/wp\/v2\/media?parent=118836"}],"wp:term":[{"taxonomy":"category","embeddable":true,"href":"https:\/\/www.prwrestling.com\/nw\/wp-json\/wp\/v2\/categories?post=118836"},{"taxonomy":"post_tag","embeddable":true,"href":"https:\/\/www.prwrestling.com\/nw\/wp-json\/wp\/v2\/tags?post=118836"}],"curies":[{"name":"wp","href":"https:\/\/api.w.org\/{rel}","templated":true}]}}