{"id":118944,"date":"2019-11-24T22:13:14","date_gmt":"2019-11-25T03:13:14","guid":{"rendered":"https:\/\/www.prwrestling.com\/nw\/?p=118944"},"modified":"2023-01-03T09:47:09","modified_gmt":"2023-01-03T14:47:09","slug":"pr-wwc-anuncia-lucha-de-regreso-de-banderas-pietaje-traicion-de-primo","status":"publish","type":"post","link":"https:\/\/www.prwrestling.com\/nw\/pr-wwc-anuncia-lucha-de-regreso-de-banderas-pietaje-traicion-de-primo\/","title":{"rendered":"PR: WWC anuncia lucha de regreso de Banderas; Pietaje traici\u00f3n de Primo"},"content":{"rendered":"<p>Tras su aparici\u00f3n en la noche del s\u00e1bado, WWC anunci\u00f3 el domingo que Ricky Banderas estar\u00e1 luchando su cierre de temporada.<!--more--><\/p>\n<p>Banderas se estar\u00e1 midiendo a Gilbert en Lockout, el s\u00e1bado 7 de diciembre, en el Rub\u00e9n Rodr\u00edguez de Bayam\u00f3n.<br \/>\n<div id=\"ad-slot\" style=\"min-width: 300px; min-height: 250px;\">\r\n<p style=\"text-align: center;\">\r\n<script async src=\"https:\/\/pagead2.googlesyndication.com\/pagead\/js\/adsbygoogle.js\"><\/script>\r\n<!-- 300x250 sc a -->\r\n<ins class=\"adsbygoogle\"\r\n     style=\"display:inline-block;width:300px;height:250px\"\r\n     data-ad-client=\"ca-pub-1244235910658811\"\r\n     data-ad-slot=\"8592682546\"><\/ins>\r\n<script>\r\n     (adsbygoogle = window.adsbygoogle || []).push({});\r\n<\/script><\/center>\r\n<\/p><\/div><br \/>\n<strong><\/p>\n<h2>Video: Traici\u00f3n de Primo<\/strong><\/h2>\n<p>WWC transmiti\u00f3 la traici\u00f3n de Primo a Carlito y Epico en la edici\u00f3n de Super Estrellas domingo. Puedes ver el pietaje en los \u00faltimos minutos del video a continuaci\u00f3n:<br \/>\n<iframe loading=\"lazy\" width=\"560\" height=\"315\" src=\"https:\/\/www.youtube.com\/embed\/WmTv_XpyYU8\" frameborder=\"0\" allow=\"accelerometer; autoplay; encrypted-media; gyroscope; picture-in-picture\" allowfullscreen><\/iframe><\/p>\n","protected":false},"excerpt":{"rendered":"<p>Tras su aparici\u00f3n en la noche del s\u00e1bado, WWC anunci\u00f3 el domingo que Ricky Banderas estar\u00e1 luchando su cierre de temporada.<\/p>\n","protected":false},"author":1,"featured_media":118945,"comment_status":"open","ping_status":"closed","sticky":false,"template":"","format":"standard","meta":{"footnotes":""},"categories":[7409,5],"tags":[34],"class_list":{"0":"post-118944","1":"post","2":"type-post","3":"status-publish","4":"format-standard","5":"has-post-thumbnail","7":"category-lucha-libre-de-puerto-rico","8":"category-noticias","9":"tag-wwc"},"_links":{"self":[{"href":"https:\/\/www.prwrestling.com\/nw\/wp-json\/wp\/v2\/posts\/118944","targetHints":{"allow":["GET"]}}],"collection":[{"href":"https:\/\/www.prwrestling.com\/nw\/wp-json\/wp\/v2\/posts"}],"about":[{"href":"https:\/\/www.prwrestling.com\/nw\/wp-json\/wp\/v2\/types\/post"}],"author":[{"embeddable":true,"href":"https:\/\/www.prwrestling.com\/nw\/wp-json\/wp\/v2\/users\/1"}],"replies":[{"embeddable":true,"href":"https:\/\/www.prwrestling.com\/nw\/wp-json\/wp\/v2\/comments?post=118944"}],"version-history":[{"count":2,"href":"https:\/\/www.prwrestling.com\/nw\/wp-json\/wp\/v2\/posts\/118944\/revisions"}],"predecessor-version":[{"id":118948,"href":"https:\/\/www.prwrestling.com\/nw\/wp-json\/wp\/v2\/posts\/118944\/revisions\/118948"}],"wp:featuredmedia":[{"embeddable":true,"href":"https:\/\/www.prwrestling.com\/nw\/wp-json\/wp\/v2\/media\/118945"}],"wp:attachment":[{"href":"https:\/\/www.prwrestling.com\/nw\/wp-json\/wp\/v2\/media?parent=118944"}],"wp:term":[{"taxonomy":"category","embeddable":true,"href":"https:\/\/www.prwrestling.com\/nw\/wp-json\/wp\/v2\/categories?post=118944"},{"taxonomy":"post_tag","embeddable":true,"href":"https:\/\/www.prwrestling.com\/nw\/wp-json\/wp\/v2\/tags?post=118944"}],"curies":[{"name":"wp","href":"https:\/\/api.w.org\/{rel}","templated":true}]}}